{"id":114870,"date":"2021-04-13T15:02:36","date_gmt":"2021-04-13T19:02:36","guid":{"rendered":"https:\/\/linitiative.ca\/International\/entree-en-bourse-la-regionale-ne-leve-que-25-milliards-sur-82-milliards-sollicites\/"},"modified":"2021-04-13T15:02:36","modified_gmt":"2021-04-13T19:02:36","slug":"entree-en-bourse-la-regionale-ne-leve-que-25-milliards-sur-82-milliards-sollicites","status":"publish","type":"post","link":"https:\/\/linitiative.ca\/International\/entree-en-bourse-la-regionale-ne-leve-que-25-milliards-sur-82-milliards-sollicites\/","title":{"rendered":"Entr\u00e9e en bourse : la R\u00e9gionale ne l\u00e8ve que 2,5 milliards sur 8,2 milliards sollicit\u00e9s"},"content":{"rendered":"<p>Charles Rollin Ombang Ekath peut avoir des regrets. La premi\u00e8re exp\u00e9rience \u00e0 la Bourse sous r\u00e9gionale, du fondateur et Directeur G\u00e9n\u00e9ral de La R\u00e9gionale d\u2019Epargne et de cr\u00e9dit, s\u2019est sold\u00e9e par \u00e9chec\u00a0! Depuis le 26 mars dernier, date de cl\u00f4ture des souscriptions \u00e0 l\u2019offre publique de vente partielle de ses actions, l\u2019\u00e9tablissement de microfinance s\u2019\u00e9tait vautr\u00e9 dans le silence, ne communiquant pas sur les r\u00e9sultats de son op\u00e9ration. Selon des donn\u00e9es parvenues \u00e0 EcoMatin, La R\u00e9gionale S.A n\u2019a pu mobiliser que 2,5 milliards de FCFA sur les 8,2 milliards n\u00e9cessaires pour son entr\u00e9e \u00e0 la Bourse des valeurs mobili\u00e8re de Douala, soit un taux de souscription de 31%. Par ailleurs, apprend-on, l\u2019op\u00e9ration n\u2019a pas particuli\u00e8rement s\u00e9duit les gros investisseurs au Cameroun et dans la sous-r\u00e9gion. 93% des souscripteurs sont des particuliers, dont 87% de camerounais et 13% d\u2019\u00e9trangers. Seules 19 personnes morales dont une soci\u00e9t\u00e9 d\u2019assurance, ont pris des parts au sein de cette institution financi\u00e8re.<\/p>\n<p><strong>Lire aussi<\/strong> : <strong><a href=\"https:\/\/ecomatin.net\/passage-de-microfinance-a-banque-les-defis-qui-attendent-la-regionale-s-a\/\">Passage de microfinance \u00e0 banque : les d\u00e9fis qui attendent la R\u00e9gionale S.A<\/a><\/strong><\/p>\n<p>Malgr\u00e9 cet \u00e9chec, la microfinance fond\u00e9e en 1993, devrait r\u00e9ussir son entr\u00e9e en bourse et surtout son passage en banque. En lan\u00e7ant cette offre, Charles Rollin Ombang Ekath esp\u00e9rait renforcer ses fonds propres, portant son capital de 10 milliards \u00e0 18,232 milliards de FCFA. Avec le montant mobilis\u00e9, la structure ne devrait porter son capital qu\u2019\u00e0 12,5 milliards de FCFA, soit au-dessus du minimum requis pour exercer en tant que banque dans la sous-r\u00e9gion.\u00a0\u00a0S\u2019agissant de la premi\u00e8re cotation de ces actions \u00e0 la Bvmac, elle devrait intervenir les semaines \u00e0 venir.<\/p>\n<p>Rappelons au passage que La R\u00e9gionale avait sollicit\u00e9 et obtenu, une prorogation d\u2019un mois sur la p\u00e9riode de souscription \u00e0 cette op\u00e9ration. Initialement pr\u00e9vue pour le 21 f\u00e9vrier 2021, elle avait \u00e9t\u00e9 repouss\u00e9e au 26 mars 2021. Une prorogation qui malheureusement n\u2019a pas suffi \u00e0 convaincre les investisseurs.<\/p>\n<p><strong>Lire aussi<\/strong> : <strong><a href=\"https:\/\/ecomatin.net\/secteur-bancaire-les-details-de-la-levee-de-fonds-de-la-regionale-s-a\/\">Secteur bancaire : les d\u00e9tails de la lev\u00e9e de fonds de la R\u00e9gionale S.A.<\/a><\/strong><\/p>\n<p>Auteur: Cedrick JIONGO<br \/>\n<a href=\"https:\/\/ecomatin.net\/entree-en-bourse-la-regionale-ne-leve-que-25-milliards-sur-82-milliards-sollicites\/\">Cliquez ici pour lire l&rsquo;article depuis sa source.<\/a><\/p>\n","protected":false},"excerpt":{"rendered":"<p>Charles Rollin Ombang Ekath peut avoir des regrets. La premi\u00e8re exp\u00e9rience \u00e0 la Bourse sous r\u00e9gionale, du fondateur et Directeur G\u00e9n\u00e9ral de La R\u00e9gionale d\u2019Epargne et de cr\u00e9dit, s\u2019est sold\u00e9e par \u00e9chec\u00a0! Depuis le 26 mars dernier, date de cl\u00f4ture des souscriptions \u00e0 l\u2019offre publique de vente partielle de ses actions, l\u2019\u00e9tablissement de microfinance s\u2019\u00e9tait [&hellip;]<\/p>\n","protected":false},"author":1969,"featured_media":0,"comment_status":"closed","ping_status":"closed","sticky":false,"template":"","format":"standard","meta":{"fifu_image_url":"","fifu_image_alt":"","footnotes":""},"categories":[82,78],"tags":[],"class_list":["post-114870","post","type-post","status-publish","format-standard","hentry","category-cameroun","category-economie"],"_links":{"self":[{"href":"https:\/\/linitiative.ca\/International\/wp-json\/wp\/v2\/posts\/114870","targetHints":{"allow":["GET"]}}],"collection":[{"href":"https:\/\/linitiative.ca\/International\/wp-json\/wp\/v2\/posts"}],"about":[{"href":"https:\/\/linitiative.ca\/International\/wp-json\/wp\/v2\/types\/post"}],"author":[{"embeddable":true,"href":"https:\/\/linitiative.ca\/International\/wp-json\/wp\/v2\/users\/1969"}],"replies":[{"embeddable":true,"href":"https:\/\/linitiative.ca\/International\/wp-json\/wp\/v2\/comments?post=114870"}],"version-history":[{"count":0,"href":"https:\/\/linitiative.ca\/International\/wp-json\/wp\/v2\/posts\/114870\/revisions"}],"wp:attachment":[{"href":"https:\/\/linitiative.ca\/International\/wp-json\/wp\/v2\/media?parent=114870"}],"wp:term":[{"taxonomy":"category","embeddable":true,"href":"https:\/\/linitiative.ca\/International\/wp-json\/wp\/v2\/categories?post=114870"},{"taxonomy":"post_tag","embeddable":true,"href":"https:\/\/linitiative.ca\/International\/wp-json\/wp\/v2\/tags?post=114870"}],"curies":[{"name":"wp","href":"https:\/\/api.w.org\/{rel}","templated":true}]}}