{"id":114872,"date":"2021-04-14T10:00:14","date_gmt":"2021-04-14T14:00:14","guid":{"rendered":"https:\/\/linitiative.ca\/International\/coty-morocco-le-nouveau-ford-kuga-elu-car-of-the-year-2021-au-maroc\/"},"modified":"2021-04-14T10:00:14","modified_gmt":"2021-04-14T14:00:14","slug":"coty-morocco-le-nouveau-ford-kuga-elu-car-of-the-year-2021-au-maroc","status":"publish","type":"post","link":"https:\/\/linitiative.ca\/International\/coty-morocco-le-nouveau-ford-kuga-elu-car-of-the-year-2021-au-maroc\/","title":{"rendered":"Coty Morocco  : Le nouveau Ford Kuga \u00e9lu \u00abCar of the Year 2021\u00bb au Maroc"},"content":{"rendered":"<figure class=\"post-thumbnail\" itemprop=\"associatedMedia\" itemscope=\"itemscope\" itemtype=\"http:\/\/schema.org\/ImageObject\"><img decoding=\"async\" class=\"post_layout_5_img\" src=\"http:\/\/aujourdhui.ma\/wp-content\/uploads\/2021\/04\/nouveau-Ford-Kuga-elu-Car-of-the-Year-2021-au-Marocs.jpg\" alt=\"Coty Morocco : Le nouveau Ford Kuga \u00e9lu \u00abCar of the Year 2021\u00bb au Maroc\"\/><\/figure>\n<p><span class=\"c5\"><strong>Le nouveau Ford Kuga vient d\u2019\u00eatre \u00e9lu \u00abCar of the Year\u00bb au Maroc \u00e0 l\u2019issue de l\u2019\u00e9dition 2021 du Coty Morocco organis\u00e9e par l\u2019Association des importateurs de v\u00e9hicules au Maroc (AIVAM).<\/strong><\/span><span id=\"more-373793\"\/><\/p>\n<p>L\u2019\u00e9v\u00e9nement \u00abCar of The Year\u00bb, tel qu\u2019il se d\u00e9roule en Europe, est un prix qui est d\u00e9cern\u00e9 par un panel de journalistes automobiles de haut niveau.<br \/>Le jury de cette ann\u00e9e a salu\u00e9 dans le nouveau Ford Kuga son design \u00e9l\u00e9gant, ses fonctionnalit\u00e9s, sa performance qui offre, \u00e0 la fois, un raffinement exceptionnel dans la conduite et une autonomie extraordinaire, ainsi que l\u2019ensemble des atouts qui conf\u00e8rent aux passagers s\u00e9curit\u00e9 et confort.<br \/>Selon Abdelouahab Ennaciri, directeur g\u00e9n\u00e9ral de Scama, distributeur exclusif de Ford au Maroc, \u00able prix du Morocco Car of The Year d\u00e9cern\u00e9 aujourd\u2019hui au Ford Kuga vient couronner un best-seller de notre gamme au Maroc. Nous sommes tr\u00e8s fiers de recevoir le prix Coty 2021 pour cette voiture exceptionnelle. Un SUV qui se d\u00e9marque par son design, sa technologie embarqu\u00e9e, ses fonctionnalit\u00e9s et son confort. Lanc\u00e9 en d\u00e9cembre 2020, cette troisi\u00e8me g\u00e9n\u00e9ration allie parfaitement robustesse, performance, technologie et plaisir de conduite. Nous sommes tr\u00e8s honor\u00e9s de ce prix et nous le sommes encore plus car nous savons que nos clients trouveront dans le Kuga tout ce qu\u2019ils recherchent dans un SUV\u00bb.<\/p>\n<p><a href=\"https:http:\/\/aujourdhui.ma\/wp-content\/uploads\/2021\/04\/nouveau-Ford-Kuga-elu-Car-of-the-Year-2021-au-Maroc-q.jpg\"><img decoding=\"async\" loading=\"lazy\" class=\"alignnone size-full wp-image-373795\" src=\"http:\/\/aujourdhui.ma\/wp-content\/uploads\/2021\/04\/nouveau-Ford-Kuga-elu-Car-of-the-Year-2021-au-Maroc-q.jpg\" alt=\"\" width=\"746\" height=\"380\" srcset=\"http:\/\/aujourdhui.ma\/wp-content\/uploads\/2021\/04\/nouveau-Ford-Kuga-elu-Car-of-the-Year-2021-au-Maroc-q.jpg 746w, \/\/aujourdhui.ma\/wp-content\/uploads\/2021\/04\/nouveau-Ford-Kuga-elu-Car-of-the-Year-2021-au-Maroc-q-300x153.jpg 300w, \/\/aujourdhui.ma\/wp-content\/uploads\/2021\/04\/nouveau-Ford-Kuga-elu-Car-of-the-Year-2021-au-Maroc-q-274x140.jpg 274w, \/\/aujourdhui.ma\/wp-content\/uploads\/2021\/04\/nouveau-Ford-Kuga-elu-Car-of-the-Year-2021-au-Maroc-q-165x84.jpg 165w, \/\/aujourdhui.ma\/wp-content\/uploads\/2021\/04\/nouveau-Ford-Kuga-elu-Car-of-the-Year-2021-au-Maroc-q-702x358.jpg 702w\" sizes=\"auto, (max-width: 746px) 100vw, 746px\"\/><\/a><br \/>Le nouveau Ford Kuga a r\u00e9ussi \u00e0 passer haut la main au banc des essais statiques et dynamiques et a \u00e9t\u00e9 le mod\u00e8le le plus pl\u00e9biscit\u00e9 par le jury de cette prestigieuse comp\u00e9tition.<br \/>\u00abJe remercie l\u2019Aivam ainsi que tous les membres du jury qui ont accompli un excellent travail lors des s\u00e9lections. Nous sommes ravis que le nouveau Ford Kuga ait remport\u00e9 cette \u00e9dition 2021 du Morocco Car of The Year. Le Ford Kuga s\u2019est impos\u00e9, au fil des ann\u00e9es, comme un acteur majeur du segment des SUV au Maroc\u00bb, souligne Achraf El Boustani, directeur g\u00e9n\u00e9ral de Ford Afrique \u2013 Direct Markets.<br \/>\u00c9l\u00e9gant et confortable, le tout nouveau Kuga se d\u00e9marque par son nouveau style plus expressif, mais aussi par ses nombreuses fonctionnalit\u00e9s \u00e0 la pointe de la technologie. Expressif et spacieux, il est dot\u00e9 de nouveaux modes de conduite s\u00e9lectionnables, d\u2019un combin\u00e9 d\u2019instruments enti\u00e8rement num\u00e9rique et de nouvelles technologies d\u2019aide \u00e0 la conduite qui le rendent efficace et amusant \u00e0 conduire. Toutes ces fonctionnalit\u00e9s placeront directement ses clients au c\u0153ur d\u2019une exp\u00e9rience de conduite dynamique et raffin\u00e9e.<\/p>\n<p>Le confort, l\u2019espace et la flexibilit\u00e9 sont les ma\u00eetres mots de cette troisi\u00e8me g\u00e9n\u00e9ration. Le Ford Kuga affiche d\u00e9sormais 43 mm d\u2019espace de d\u00e9gagement suppl\u00e9mentaire aux \u00e9paules et 57 mm aux hanches des passages avant par rapport au mod\u00e8le sortant, tandis que les passagers arri\u00e8re b\u00e9n\u00e9ficient de 20 mm d\u2019espace de d\u00e9gagement suppl\u00e9mentaire aux \u00e9paules et de 36 mm aux hanches. Le nouveau Kuga fait aussi le plein de fonctionnalit\u00e9s de confort, de s\u00e9curit\u00e9 et d\u2019assistance, qui rendent sa conduite nettement plus intuitive et beaucoup plus s\u00fbre. Parmi les technologies sophistiqu\u00e9es qui s\u2019invitent \u00e0 bord du Nouveau Ford Kuga, le socle de recharge sans fil, mais aussi le syst\u00e8me d\u2019info-divertissement SYNC 3 de Ford dirig\u00e9 depuis un \u00e9cran tactile central de 8 pouces.<\/p>\n<p><a href=\"https:http:\/\/aujourdhui.ma\/wp-content\/uploads\/2021\/04\/nouveau-Ford-Kuga-elu-Car-of-the-Year-2021-au-Maroc.jpg\"><img decoding=\"async\" loading=\"lazy\" class=\"alignnone size-full wp-image-373794\" src=\"http:\/\/aujourdhui.ma\/wp-content\/uploads\/2021\/04\/nouveau-Ford-Kuga-elu-Car-of-the-Year-2021-au-Maroc.jpg\" alt=\"\" width=\"746\" height=\"380\" srcset=\"http:\/\/aujourdhui.ma\/wp-content\/uploads\/2021\/04\/nouveau-Ford-Kuga-elu-Car-of-the-Year-2021-au-Maroc.jpg 746w, \/\/aujourdhui.ma\/wp-content\/uploads\/2021\/04\/nouveau-Ford-Kuga-elu-Car-of-the-Year-2021-au-Maroc-300x153.jpg 300w, \/\/aujourdhui.ma\/wp-content\/uploads\/2021\/04\/nouveau-Ford-Kuga-elu-Car-of-the-Year-2021-au-Maroc-274x140.jpg 274w, \/\/aujourdhui.ma\/wp-content\/uploads\/2021\/04\/nouveau-Ford-Kuga-elu-Car-of-the-Year-2021-au-Maroc-165x84.jpg 165w, \/\/aujourdhui.ma\/wp-content\/uploads\/2021\/04\/nouveau-Ford-Kuga-elu-Car-of-the-Year-2021-au-Maroc-702x358.jpg 702w\" sizes=\"auto, (max-width: 746px) 100vw, 746px\"\/><\/a><br \/>Le nouveau Kuga propose deux options de moteurs turbo diesel qui sont \u00e0 la fois puissants et efficaces. Ils sont tous deux con\u00e7us pour d\u00e9livrer un maximum de performances, de douceur de conduite et d\u2019autonomie.<br \/>Champion de sobri\u00e9t\u00e9, le moteur EcoBlue 1,5 litre de120 ch totalise une efficacit\u00e9 \u00e9nerg\u00e9tique d\u2019\u00e0 peine 4,8 l\/100 km et des \u00e9missions CO2 de seulement 127 g \/ km. Les mod\u00e8les ST-Line qui chapeautent la gamme sont, pour leur part, \u00e9quip\u00e9s d\u2019un moteur EcoBlue de 2,0 litres (190 ch \u2013 5,7 l\/100 km) et d\u2019une transmission int\u00e9grale intelligente AWD.<\/p>\n<p>Le nouveau Ford Kuga donne aux futurs acqu\u00e9reurs la possibilit\u00e9 de choisir entre une bo\u00eete de vitesses manuelle \u00e0 six rapports ou la nouvelle transmission automatique \u00e0 changement rapide de huit rapports E-Shifter.<\/p>\n<p>Auteur: ALM<br \/>\n<a href=\"https:\/\/aujourdhui.ma\/automobile\/coty-morocco-le-nouveau-ford-kuga-elu-car-of-the-year-2021-au-maroc\">Cliquez ici pour lire l&rsquo;article depuis sa source.<\/a><\/p>\n","protected":false},"excerpt":{"rendered":"<p>Le nouveau Ford Kuga vient d\u2019\u00eatre \u00e9lu \u00abCar of the Year\u00bb au Maroc \u00e0 l\u2019issue de l\u2019\u00e9dition 2021 du Coty Morocco organis\u00e9e par l\u2019Association des importateurs de v\u00e9hicules au Maroc (AIVAM). L\u2019\u00e9v\u00e9nement \u00abCar of The Year\u00bb, tel qu\u2019il se d\u00e9roule en Europe, est un prix qui est d\u00e9cern\u00e9 par un panel de journalistes automobiles de [&hellip;]<\/p>\n","protected":false},"author":1759,"featured_media":0,"comment_status":"closed","ping_status":"closed","sticky":false,"template":"","format":"standard","meta":{"fifu_image_url":"http:\/\/aujourdhui.ma\/wp-content\/uploads\/2021\/04\/nouveau-Ford-Kuga-elu-Car-of-the-Year-2021-au-Marocs.jpg","fifu_image_alt":"Coty Morocco  : Le nouveau Ford Kuga \u00e9lu \u00abCar of the Year 2021\u00bb au Maroc","footnotes":""},"categories":[73,54],"tags":[],"class_list":["post-114872","post","type-post","status-publish","format-standard","hentry","category-actualite","category-maroc"],"_links":{"self":[{"href":"https:\/\/linitiative.ca\/International\/wp-json\/wp\/v2\/posts\/114872","targetHints":{"allow":["GET"]}}],"collection":[{"href":"https:\/\/linitiative.ca\/International\/wp-json\/wp\/v2\/posts"}],"about":[{"href":"https:\/\/linitiative.ca\/International\/wp-json\/wp\/v2\/types\/post"}],"author":[{"embeddable":true,"href":"https:\/\/linitiative.ca\/International\/wp-json\/wp\/v2\/users\/1759"}],"replies":[{"embeddable":true,"href":"https:\/\/linitiative.ca\/International\/wp-json\/wp\/v2\/comments?post=114872"}],"version-history":[{"count":0,"href":"https:\/\/linitiative.ca\/International\/wp-json\/wp\/v2\/posts\/114872\/revisions"}],"wp:attachment":[{"href":"https:\/\/linitiative.ca\/International\/wp-json\/wp\/v2\/media?parent=114872"}],"wp:term":[{"taxonomy":"category","embeddable":true,"href":"https:\/\/linitiative.ca\/International\/wp-json\/wp\/v2\/categories?post=114872"},{"taxonomy":"post_tag","embeddable":true,"href":"https:\/\/linitiative.ca\/International\/wp-json\/wp\/v2\/tags?post=114872"}],"curies":[{"name":"wp","href":"https:\/\/api.w.org\/{rel}","templated":true}]}}