{"id":114874,"date":"2021-04-14T11:10:28","date_gmt":"2021-04-14T15:10:28","guid":{"rendered":"https:\/\/linitiative.ca\/International\/creation-de-la-software-republique-pour-innover-dans-la-mobilite-intelligente\/"},"modified":"2021-04-14T11:10:28","modified_gmt":"2021-04-14T15:10:28","slug":"creation-de-la-software-republique-pour-innover-dans-la-mobilite-intelligente","status":"publish","type":"post","link":"https:\/\/linitiative.ca\/International\/creation-de-la-software-republique-pour-innover-dans-la-mobilite-intelligente\/","title":{"rendered":"Cr\u00e9ation de la \u00abSoftware R\u00e9publique\u00bb  pour innover dans la mobilit\u00e9 intelligente"},"content":{"rendered":"<figure class=\"post-thumbnail\" itemprop=\"associatedMedia\" itemscope=\"itemscope\" itemtype=\"http:\/\/schema.org\/ImageObject\"><img decoding=\"async\" class=\"post_layout_5_img\" src=\"https:\/\/aujourdhui.ma\/wp-content\/uploads\/2021\/04\/2021-Software-Rpublique-Photo-de-Groupe.jpg\" alt=\"Cr\u00e9ation de la \u00abSoftware R\u00e9publique\u00bb pour innover dans la mobilit\u00e9 intelligente\"\/><\/figure>\n<p><span class=\"c5\"><strong>Fruit d\u2019un partenariat entre Atos, Dassault Syste\u0300mes, Renault, STMicroelectronics et Thales<\/strong><\/span><span id=\"more-373798\"\/><\/p>\n<p>Atos, Dassault Syst\u00e8mes, Groupe Renault, STMicroelectronics et Thales s\u2019unissent pour cr\u00e9er la \u00abSoftware R\u00e9publique\u00bb, un nouveau \u00e9cosyst\u00e8me ouvert pour la mobilit\u00e9 intelligente et durable. Par la mise en commun de leurs expertises compl\u00e9mentaires, les partenaires envisagent de d\u00e9velopper et de commercialiser ensemble des syst\u00e8mes et logiciels au service d\u2019une offre de mobilit\u00e9 enrichie et durable pour les territoires, les entreprises et les citoyens. L\u2019intelligence artificielle, la cybers\u00e9curit\u00e9, la connectivit\u00e9, l\u2019\u00e9lectronique embarqu\u00e9e et les jumeaux num\u00e9riques contribueront \u00e0 l\u2019excellence de ces nouveaux produits et services. Cet \u00e9cosyst\u00e8me d\u2019open innovation fond\u00e9 par cinq leaders dans les domaines de l\u2019automobile et des technologies pourra accueillir de nouveaux membres et d\u00e9velopper des collaborations ouvertes.<br \/>Un enjeu de souverainet\u00e9<br \/>La mobilit\u00e9 se transforme et offre de nouvelles opportunit\u00e9s. Selon le Boston Consulting Group, le march\u00e9 mondial de la mobilit\u00e9 va cro\u00eere de 60% d\u2019ici 2035 pour atteindre 11.000 milliards d\u2019euros. Cette croissance provient principalement de l\u2019\u00e9mergence de ruptures technologiques \u2013 v\u00e9hicules \u00e9lectriques, nouveaux composants, nouveaux services apr\u00e8s-vente et autres services \u00e0 valeur ajout\u00e9e \u2013 dont la part va passer de 5 \u00e0 45% du march\u00e9 mondial de la mobilit\u00e9. Les grands acteurs industriels sur d\u2019autres continents, avec le soutien de leurs Etats, se positionnent d\u00e9j\u00e0 pour d\u00e9velopper une grande part de ces nombreuses nouvelles technologies gr\u00e2ce \u00e0 des strat\u00e9gies d\u2019int\u00e9gration renforc\u00e9e. Aujourd\u2019hui, les membres fondateurs de la Software R\u00e9publique expriment l\u2019urgence pour la France et l\u2019Europe de construire collectivement un \u00e9cosyst\u00e8me durable, qui vise \u00e0 assurer leur souverainet\u00e9 dans ce domaine.<\/p>\n<p><span class=\"c6\"><strong>Trois grands domaines de coop\u00e9ration<\/strong><\/span><\/p>\n<p>Afin de d\u00e9velopper et commercialiser conjointement des syst\u00e8mes de mobilit\u00e9 intelligente, permettant de mettre en place une offre de mobilit\u00e9 adapt\u00e9e et agile, trois grands domaines de coop\u00e9ration ont \u00e9t\u00e9 identifi\u00e9s : syst\u00e8mes intelligents pour faciliter la connectivit\u00e9 s\u00e9curis\u00e9e entre le v\u00e9hicule et son environnement digital et physique, syst\u00e8mes de simulation et de gestion des donn\u00e9es pour optimiser les flux pour les territoires et les entreprises, \u00e9cosyst\u00e8me d\u2019\u00e9nergie pour simplifier l\u2019exp\u00e9rience de charge.<\/p>\n<p>Pour favoriser l\u2019innovation, la Software R\u00e9publique cherchera \u00e9galement \u00e0 cr\u00e9er un fonds d\u2019investissement pour financer les start-up les plus prometteuses et un incubateur pour h\u00e9berger des start-up dans le domaine des technologies pour la mobilit\u00e9 intelligente, o\u00f9 ils auront acc\u00e8s \u00e0 un environnement virtuel collaboratif de d\u00e9veloppement et d\u2019exp\u00e9rimentation, et au mentoring par un r\u00e9seau de valeur. Afin de lancer l\u2019\u00e9cosyst\u00e8me pour les start-ups et les universit\u00e9s, les partenaires de la Software R\u00e9publique pr\u00e9voient d\u2019organiser un \u00abdata challenge\u00bb pour contribuer \u00e0 d\u00e9velopper les technologies pour la mobilit\u00e9 de demain : \u00e9lectrique, connect\u00e9e et autonome. \u00abAtos est fier de compter parmi les membres fondateurs de la Software R\u00e9publique.<\/p>\n<p>En tant que cr\u00e9ateur de technologies et int\u00e9grateur de solutions complexes, nous allons mettre \u00e0 la disposition de cet \u00e9cosyst\u00e8me unique notre expertise digitale en mati\u00e8re de r\u00e9duction de l\u2019empreinte carbone et nos technologies innovantes dans des domaines cl\u00e9s comme l\u2019intelligence artificielle, la s\u00e9curit\u00e9 digitale, le cloud, l\u2019IoT ou le calcul haute performance\u00bb, souligne Elie Girard, Directeur G\u00e9n\u00e9ral Atos.<br \/>Pour Luca de Meo, CEO du Groupe Renault, \u00abdans la nouvelle cha\u00eene de valeur de la mobilit\u00e9, les syst\u00e8mes d\u2019intelligence embarqu\u00e9s sont le nouveau moteur, l\u00e0 o\u00f9 se concentrent d\u00e9sormais toute la recherche et l\u2019investissement. Face \u00e0 ce d\u00e9fi technologique, nous choisissons de jouer collectif et ouvert. Il n\u2019y aura aucun centre de gravit\u00e9, la valeur de chacun sera d\u00e9multipli\u00e9e par les autres\u00bb.<\/p>\n<p>Auteur: ALM<br \/>\n<a href=\"https:\/\/aujourdhui.ma\/automobile\/creation-de-la-software-republique-pour-innover-dans-la-mobilite-intelligente\">Cliquez ici pour lire l&rsquo;article depuis sa source.<\/a><\/p>\n","protected":false},"excerpt":{"rendered":"<p>Fruit d\u2019un partenariat entre Atos, Dassault Syste\u0300mes, Renault, STMicroelectronics et Thales Atos, Dassault Syst\u00e8mes, Groupe Renault, STMicroelectronics et Thales s\u2019unissent pour cr\u00e9er la \u00abSoftware R\u00e9publique\u00bb, un nouveau \u00e9cosyst\u00e8me ouvert pour la mobilit\u00e9 intelligente et durable. Par la mise en commun de leurs expertises compl\u00e9mentaires, les partenaires envisagent de d\u00e9velopper et de commercialiser ensemble des syst\u00e8mes [&hellip;]<\/p>\n","protected":false},"author":1759,"featured_media":0,"comment_status":"closed","ping_status":"closed","sticky":false,"template":"","format":"standard","meta":{"fifu_image_url":"https:\/\/aujourdhui.ma\/wp-content\/uploads\/2021\/04\/2021-Software-Rpublique-Photo-de-Groupe.jpg","fifu_image_alt":"Cr\u00e9ation de la \u00abSoftware R\u00e9publique\u00bb  pour innover dans la mobilit\u00e9 intelligente","footnotes":""},"categories":[73,54],"tags":[],"class_list":["post-114874","post","type-post","status-publish","format-standard","hentry","category-actualite","category-maroc"],"_links":{"self":[{"href":"https:\/\/linitiative.ca\/International\/wp-json\/wp\/v2\/posts\/114874","targetHints":{"allow":["GET"]}}],"collection":[{"href":"https:\/\/linitiative.ca\/International\/wp-json\/wp\/v2\/posts"}],"about":[{"href":"https:\/\/linitiative.ca\/International\/wp-json\/wp\/v2\/types\/post"}],"author":[{"embeddable":true,"href":"https:\/\/linitiative.ca\/International\/wp-json\/wp\/v2\/users\/1759"}],"replies":[{"embeddable":true,"href":"https:\/\/linitiative.ca\/International\/wp-json\/wp\/v2\/comments?post=114874"}],"version-history":[{"count":0,"href":"https:\/\/linitiative.ca\/International\/wp-json\/wp\/v2\/posts\/114874\/revisions"}],"wp:attachment":[{"href":"https:\/\/linitiative.ca\/International\/wp-json\/wp\/v2\/media?parent=114874"}],"wp:term":[{"taxonomy":"category","embeddable":true,"href":"https:\/\/linitiative.ca\/International\/wp-json\/wp\/v2\/categories?post=114874"},{"taxonomy":"post_tag","embeddable":true,"href":"https:\/\/linitiative.ca\/International\/wp-json\/wp\/v2\/tags?post=114874"}],"curies":[{"name":"wp","href":"https:\/\/api.w.org\/{rel}","templated":true}]}}