{"id":114877,"date":"2021-04-13T14:00:51","date_gmt":"2021-04-13T18:00:51","guid":{"rendered":"https:\/\/linitiative.ca\/International\/tifyur-la-chanteuse-a-la-voix-dor-%ef%bb%bf\/"},"modified":"2021-04-13T14:00:51","modified_gmt":"2021-04-13T18:00:51","slug":"tifyur-la-chanteuse-a-la-voix-dor-%ef%bb%bf","status":"publish","type":"post","link":"https:\/\/linitiative.ca\/International\/tifyur-la-chanteuse-a-la-voix-dor-%ef%bb%bf\/","title":{"rendered":"Tifyur, la chanteuse \u00e0 la voix d\u2019or \ufeff"},"content":{"rendered":"<p class=\"has-text-color has-vivid-cyan-blue-color c1\"><strong>Propos recueillis par Mohamed Nait Youssef<\/strong><\/p>\n<ul class=\"wp-block-gallery columns-2 is-cropped\">\n<li class=\"blocks-gallery-item\">\n<figure><img decoding=\"async\" src=\"http:\/\/albayane.press.ma\/wp-content\/uploads\/tifyur3.jpg\" alt=\"\" data-id=\"110156\" class=\"wp-image-110156\"\/><\/figure>\n<\/li>\n<li class=\"blocks-gallery-item\">\n<figure><img decoding=\"async\" src=\"http:\/\/albayane.press.ma\/wp-content\/uploads\/Tifyur.jpg\" alt=\"\" data-id=\"110157\" data-link=\"http:\/\/albayane.press.ma\/?attachment_id=110157#main\" class=\"wp-image-110157\"\/><\/figure>\n<\/li>\n<\/ul>\n<p><strong>Une voix singuli\u00e8re venue des cimes de Ben Tayeb, dans la r\u00e9gion de Driouch. Tifyur, la chanteuse \u00e0 la voix d\u2019or, a vers\u00e9 un sang nouveau dans les veines du paysage musical national. En effet, apr\u00e8s trois albums \u00e0 savoir \u00ab\u00a0Moulay Mouhand\u00a0\u00bb, \u00ab\u00a0Tafuyt\u00a0\u00bb et \u00ab\u00a0Thounguint\u00a0\u00bb, sortis respectivement en 2007, 2008 et 2013, la chanteuse s\u2019est \u00e9clips\u00e9e\u00a0 de la sc\u00e8ne musicale nationale pour des raisons dues non seulement \u00e0 sa sant\u00e9 et mais \u00e9galement \u00e0 ses \u00e9tudes. \u00ab\u00a0Malgr\u00e9 mon absence dans les m\u00e9dias, je fais toujours de la musique et je travaille sur mes nouveaux projets\u00a0\u00bb, a-t-elle affirm\u00e9.<\/strong><\/p>\n<p>Pour elle, la musique amazighe ne doit pas \u00eatre r\u00e9duite au folklore. Dans cet entretien, la chanteuse revient sur son parcours, ses d\u00e9buts et sa vision vis-\u00e0-vis du patrimoine musical amazigh et l\u2019avenir de la chanson amazighe. Les d\u00e9tails.<\/p>\n<p class=\"has-text-color has-vivid-red-color\"><strong>Al Bayane : De prime abord, qui est Tifyur ? Que signifie ce nom de sc\u00e8ne?\u00a0<\/strong><\/p>\n<p><strong>Tifyur\u00a0:<\/strong> Je m\u2019appelle Iman Boussnane. J\u2019ai 28 ans. Je suis issue de la ville de\u00a0 Ben Tayeb, dans la r\u00e9gion de Driouch. J\u2019ai un BA en litt\u00e9rature anglaise de l\u2019Universit\u00e9 Moulay Ismail de Mekn\u00e8s.\u00a0<\/p>\n<p>Tifyur est le nom artistique qui m\u2019a permis d\u2019\u00eatre connue. Ce nom est compos\u00e9 en effet de deux mots\u00a0: \u00ab\u00a0Tif\u00a0\u00bb qui signifie plus beau ou mieux et \u00ab\u00a0Yur\u00a0\u00bb qui signifie lune, c\u2019est-\u00e0-dire \u00ab\u00a0plus belle que la lune\u00a0\u00bb. En fait, c\u2019est la po\u00e9tesse Mayssa Rachida El Marraki qui m\u2019a donn\u00e9e ce nom de sc\u00e8ne au d\u00e9but de ma carri\u00e8re, en 2003.<\/p>\n<p class=\"has-text-color has-vivid-red-color\"><strong>Vos d\u00e9buts sur sc\u00e8ne remontaient \u00e0 l\u2019ann\u00e9e 2003 dans le cadre de la chorale Tifyur. Parler- nous un peu de cette exp\u00e9rience artistique, de vos d\u00e9buts.<\/strong><\/p>\n<p>Depuis que j\u2019ai int\u00e9gr\u00e9e le monde de la musique, j\u2019ai toujours \u00e9t\u00e9 passionn\u00e9e par tout ce qui est artistique, \u00e0 savoir la musique, en particulier. C\u2019est \u00e0 l\u2019\u00e9coule que mon talent pour le chant a vu le jour. Par la suite, j\u2019ai d\u00e9velopp\u00e9 une passion pour la musique. \u00c0 l\u2019\u00e9poque, j\u2019\u00e9tais toujours pr\u00e9sente dans toutes les soir\u00e9es scolaires qui ont \u00e9t\u00e9 ponctu\u00e9es par l\u2019encouragement et l\u2019accompagnement de mes professeurs. Notamment le professeur Abdelqahar Elhajjari qui a jou\u00e9 un r\u00f4le important dans ma formation musicale et artistique. Ce dernier, il faut le rappeler, avait cr\u00e9\u00e9, \u00e0 l\u2019\u00e9poque, un conservatoire dans notre petite ville Ben Taieb o\u00f9 il a d\u00e9ploy\u00e9 tous ses efforts pour nous apprendre la musique, le chant et la chorale.<\/p>\n<p>Mes d\u00e9buts dans le domaine artistique remontent \u00e0 l\u2019ann\u00e9e 2003 en prenant part aux journ\u00e9es culturelles organis\u00e9es par les \u00e9tudiants de l\u2019Universit\u00e9 Mohammed Premier d\u2019Oujda. En effet, cette participation est intervenue apr\u00e8s mes visites \u00e0 l\u2019Association Boya et ses membres qui ont pr\u00e9sent\u00e9 les richesses et la diversit\u00e9 de la culture amazighe en faisant de nombreuses activit\u00e9s, entre autres le th\u00e9\u00e2tre, la musique et l\u2019apprentissage du Tifinagh. En outre, apr\u00e8s avoir d\u00e9couvert mon talent pour le chant, ils m\u2019ont propos\u00e9 ainsi qu\u2019\u00e0 ma famille de participer \u00e0 une soir\u00e9e artistique qui s\u2019est tenue \u00e0 l\u2019Universit\u00e9 d\u2019Oujda. Du coup apr\u00e8s plusieurs tentatives de persuasion, ma famille a accept\u00e9, finalement. C\u2019\u00e9tait le d\u00e9but de mon parcours artistique et ma premi\u00e8re rencontre avec un public large. Je me souviens encore de la chanson que j\u2019ai chant\u00e9e \u00abAdhuyagh ibridhan\u00bb dont les m\u00e9lodies et paroles sont compos\u00e9es et \u00e9crites par Said Elfarrad, qui \u00e9tait un activiste dans l\u2019Association Boya.<\/p>\n<p class=\"has-text-color has-vivid-red-color\"><strong>Apr\u00e8s trois albums, \u00e0 savoir \u00ab\u00a0Moulay Mouhand\u00a0\u00bb, \u00ab\u00a0Tafuyt\u00a0\u00bb\u00a0 et \u00ab\u00a0Thounguint\u00a0\u00bb, sortis respectivement en 2007, 2008 et 2013, vous avez disparu\u00a0 de la sc\u00e8ne musicale. Pourquoi ?\u00a0<\/strong><\/p>\n<p>C\u2019est vrai! Apr\u00e8s la sortie de mon dernier album en 2013, je me suis \u00e9clips\u00e9e\u00a0 soudainement de la sc\u00e8ne. Cette absence est due \u00e0 des conditions de sant\u00e9 qui m\u2019ont oblig\u00e9e \u00e0 dispara\u00eetre pendant un moment. Pour moi, c\u2019\u00e9tait \u00e9galement une pause\u00a0 pour que je puisse me concentrer sur mes \u00e9tudes. A cela s\u2019ajoute, mon \u00e9tat de sant\u00e9 qui \u00e9tait inqui\u00e9tant parce que je ne pouvais pas concilier la musique et mes \u00e9tudes comme avant. J\u2019ai donc choisi de me concentrer sur ma sant\u00e9 et mes \u00e9tudes. En revanche, je consid\u00e9rais aussi cela comme une p\u00e9riode de r\u00e9flexion sur ma carri\u00e8re d\u2019artiste ainsi que les autres \u00e9tapes que je devrais franchir. C\u2019\u00e9tait\u00a0 une p\u00e9riode au cours de laquelle j\u2019ai aussi beaucoup travaill\u00e9 sur moi-m\u00eame et sur mes comp\u00e9tences de musicienne et de chanteuse.<\/p>\n<p>\u00c0 vrai dire, malgr\u00e9 mon absence dans les m\u00e9dias, je travaillais toujours de la musique. Ce fut, si j\u2019ose dire, une p\u00e9riode de r\u00e9cup\u00e9ration, de m\u00e9ditation et de r\u00e9flexion pour un retour en force.<\/p>\n<p class=\"has-text-color has-vivid-red-color\"><strong>Votre musique est puis\u00e9e dans la po\u00e9sie traditionnelle Amazighe. A votre avis, comment peut-on faire de la musique un moyen de d\u00e9veloppement mais aussi de la pr\u00e9servation de la m\u00e9moire et des traditions ancestrales ?\u00a0<\/strong><\/p>\n<p>Pendant toutes ces ann\u00e9es, j\u2019ai toujours essay\u00e9 de revenir au patrimoine comme r\u00e9f\u00e9rence de base et comme source d\u2019inspiration en musique.\u00a0 Incontestablement, le patrimoine est important parce qu\u2019il est porteur de valeurs, de le\u00e7ons et de gloires. A vrai dire, c\u2019est en se basant sur le pass\u00e9\u00a0 que nous construisions l\u2019avenir. J\u2019ai donc essay\u00e9 de mettre en valeur le patrimoine \u00e0 travers une combinaison musicale qui touche la musique du monde et qui s\u2019inscrit dans l\u2019\u00e9poque actuelle. Ainsi, c\u2019est tr\u00e8s important de mettre en \u00e9vidence des sujets importants qui contribuent \u00e0 changer les mentalit\u00e9s et \u00e0 faire avancer la cadence du d\u00e9veloppement.\u00a0 Et la musique y est pour quelque chose aussi. En d\u2019autres termes, l\u2019art a toujours contribu\u00e9 \u00e0 transmettre des messages profonds et importants, tout en incitant les gens \u00e0 partager les\u00a0 valeurs humaines nobles.\u00a0<\/p>\n<p class=\"has-text-color has-vivid-red-color\"><strong>Certes, l\u2019une des t\u00e2ches de la musique est la transmission des valeurs et de la vision du monde d\u2019un peuple. Dans cette optique, quelle place occupe aujourd\u2019hui la chanson amazighe dans le paysage artistique national et international ?<\/strong><\/p>\n<p>Je pense que la musique amazighe a commenc\u00e9 \u00e0 prendre sa place sur la sc\u00e8ne artistique nationale gr\u00e2ce \u00e0 la pr\u00e9sence\u00a0 remarquable de nombreux artistes amazighs qui travaillent dur et continuellement afin de donner plus de rayonnement de visibilit\u00e9s \u00e0 toutes les composantes de la culture amazighe par le biais de la musique. Or, il faut toujours le rappeler, la musique amazighe ne doit pas \u00eatre r\u00e9duite au folklore. C\u2019est essentiel !\u00a0<\/p>\n<p class=\"has-text-color has-vivid-red-color\"><strong>C\u2019est-\u00e0-dire ?<\/strong><\/p>\n<p>Il faut sortir de ce regard s\u00e9duisant toute une musique et une culture \u00e0 un simple clich\u00e9. J\u2019esp\u00e8re que les m\u00e9dias nationaux donnent plus de chance aux jeunes artistes de faire connaitre leurs musiques pour que la chanson amazighe ait la place qu\u2019elle m\u00e9rite sur la sc\u00e8ne artistique nationale.<\/p>\n<p class=\"has-text-color has-vivid-red-color\"><strong>Vous avez int\u00e9gr\u00e9 d\u2019autres rythmes, arrangements et sonorit\u00e9s dans votre musique. Pensez-vous que la modernisation et l\u2019ouverture sur diff\u00e9rents genres musicaux sont essentielles pour que la chanson amazighe puisse briller sous d\u2019autres cieux ? \u00c0 quel point alors les chanteurs amazighs ont r\u00e9ussi \u00e0 porter cette musique \u00e0 l\u2019universalit\u00e9 ?<\/strong><\/p>\n<p>La musique est une magie qui transcende les cultures. Elle a en outre cette capacit\u00e9 de briser les fronti\u00e8res g\u00e9ographiques et linguistiques pour p\u00e9n\u00e9trer les c\u0153urs et les \u00e2mes. Quant \u00e0 moi, j\u2019aime \u00e9couter les musiques et les rythmes du monde. Je ne vous cacherais pas que mes choix musicaux sont \u00e9galement influenc\u00e9s par ce que j\u2019\u00e9coute. Alors, toutes les chansons que j\u2019ai faites sont un m\u00e9lange du patrimoine musical amazigh, de la pop, du Flamenco, du folk ainsi que d\u2019autres styles. Il va sans dire que cet \u00e9panouissement et cette ouverture sur d\u2019autres m\u00e9lodies, styles et musiques sont une \u00e9tape n\u00e9cessaire pour rapprocher la musique amazighe aux\u00a0 autres gens vivant dans les quatre coins du globe.<\/p>\n<p>Pour moi, l\u2019une des exp\u00e9riences musicales amazighes mondiales les plus r\u00e9ussies est celle\u00a0 de l\u2019artiste de renomm\u00e9e internationale, Idir. Ce dernier\u00a0 a pu pr\u00e9senter la musique amazighe au public mondial en travaillant sur le patrimoine amazigh et la musique du monde. Chose qui a fait de lui une ic\u00f4ne et un v\u00e9ritable ambassadeur de la musique amazighe partout dans le monde.<\/p>\n<p><strong>Aujourd\u2019hui, un bon nombre de musiciens et d\u2019artistes recourent aux plateformes digitales pour mieux faire connaitre leurs univers musicaux. Pourquoi, \u00e0 votre avis?\u00a0<\/strong><\/p>\n<p>Le monde conna\u00eet aujourd\u2019hui un d\u00e9veloppement technologique incroyable. Par ailleurs, cette \u00e9volution a eu un grand impact sur le champ artistique comme d\u2019autres domaines. La preuve? De nombreuses plateformes num\u00e9riques ont vu le jour, que les artistes ont commenc\u00e9 \u00e0 utiliser pour accompagner les changements actuels sur tous les plans.\u00a0<\/p>\n<p>En outre, ces plateformes num\u00e9riques permettent \u00e0 l\u2019artiste de donner plus de visibilit\u00e9 \u00e0 ses \u0153uvres musicales afin d\u2019atteindre un public plus large, tout en d\u00e9passant les moyens traditionnels et classiques co\u00fbteux.<\/p>\n<p>Par ailleurs, les plateformes num\u00e9riques sont devenues le choix id\u00e9al pour la plupart des artistes en l\u2019absence de producteurs et d\u2019une industrie musicale permettant \u00e0 l\u2019artiste d\u2019\u00e9voluer, de produire et de diffuser sa musique dans le march\u00e9 musical international. Effectivement, ces plateformes num\u00e9riques ont r\u00e9ussi \u00e0 rapprocher l\u2019artiste de diff\u00e9rents segments du public.<\/p>\n<p class=\"has-text-color has-vivid-red-color\"><strong>Est-il facile aujourd\u2019hui de produire de la musique au Maroc, notamment dans un secteur artistique fragile marqu\u00e9 par l\u2019absence d\u2019une v\u00e9ritable industrie de la musique, o\u00f9 l\u2019informel r\u00e8gne encore ?<\/strong><\/p>\n<p>Produire une chanson au Maroc est d\u00e9sormais une t\u00e2che difficile, voire co\u00fbteuse pour bon nombre d\u2019artistes.\u00a0 Car ce que les gens devraient savoir, c\u2019est que la majorit\u00e9 des artistes produisent leurs chansons avec leurs propres argent et moyens. C\u2019est la raison d\u2019ailleurs qui pousse certains artistes \u00e0 s\u2019\u00e9clipser de la sc\u00e8ne artistique. Les artistes d\u2019un pays comme le Maroc, qui a montr\u00e9 les plus belles voix et les plus beaux artistes connus au niveau national et international, m\u00e9ritent une industrie de la musique qui puisse leur permettre de\u00a0 produire leurs \u0153uvres artistiques. C\u2019est un constat\u00a0! Les artistes ne sont pas tous capables de produire, dont essentiellement les artistes amazighs qui souffrent v\u00e9ritablement du manque des moyens de production et de diffusion et de distribution.<\/p>\n<p class=\"has-text-color has-vivid-red-color\"><strong>Comment avez-vous v\u00e9cu la p\u00e9riode du confinement, notamment avec l\u2019annulation des festivals et la fermeture des centres culturels et artistiques ?<\/strong><\/p>\n<p>La p\u00e9riode de la quarantaine a \u00e9t\u00e9 difficile pour tout le monde. Car, comme vous le savez d\u2019ailleurs, les gens sont sociaux par nature et ils ne peuvent pas supporter cet enfermement pour longtemps.<\/p>\n<p>Franchement, elle \u00e9tait une p\u00e9riode tr\u00e8s dure pour les artistes, notamment avec l\u2019absence de festivals et d\u2019activit\u00e9s culturelles.\u00a0 Alors, les artistes ont \u00e9t\u00e9 profond\u00e9ment impact\u00e9s par la crise de la Covid-19 puisqu\u2019 ils ont cess\u00e9 de travailler.<\/p>\n<p>Par cons\u00e9quent, je peux vous affirmer que le secteur artistique est \u00a0parmi les domaines les plus touch\u00e9s par la quarantaine.<\/p>\n<p>Pour moi, la p\u00e9riode de quarantaine a \u00e9t\u00e9 \u00e0 la fois complexe, compliqu\u00e9e et importante. C\u2019\u00e9tait une p\u00e9riode importante malgr\u00e9 le stress, le doute, le chaos\u2026parce que j\u2019ai pu composer de belles chansons qui verront bient\u00f4t le jour. Toutefois, je suis convaincue que l\u2019artiste peut produire un art immortel\u00a0 m\u00eame dans ce genre de circonstances difficiles.<\/p>\n<p class=\"has-text-color has-vivid-red-color\"><strong>Quels sont vos projets artistiques \u00e0\u00a0 venir ?<\/strong><\/p>\n<p>En ce moment, je travaille sur un ensemble de chansons avec de nouveaux styles musicaux dans lesquels j\u2019ai investie tout ce que j\u2019ai appris pendant toutes ces ann\u00e9es.\u00a0<\/p>\n<p>En outre, une chanson verra bient\u00f4t le jour sous forme de vid\u00e9o clip. Apr\u00e8s une longue absence, je me pr\u00e9pare un come-back en force en travaillant sur le patrimoine amazigh en particulier\u00a0 et marocain en g\u00e9n\u00e9ral. Je renouerai le lien avec le public en participant dans une exp\u00e9rience th\u00e9\u00e2trale qui sera d\u00e9voil\u00e9e prochainement.<\/p>\n<p>Auteur: M&rsquo;hammed rahal<br \/>\n<a href=\"http:\/\/albayane.press.ma\/tifyur-la-chanteuse-a-la-voix-dor-%EF%BB%BF.html\">Cliquez ici pour lire l&rsquo;article depuis sa source.<\/a><\/p>\n","protected":false},"excerpt":{"rendered":"<p>Propos recueillis par Mohamed Nait Youssef Une voix singuli\u00e8re venue des cimes de Ben Tayeb, dans la r\u00e9gion de Driouch. Tifyur, la chanteuse \u00e0 la voix d\u2019or, a vers\u00e9 un sang nouveau dans les veines du paysage musical national. En effet, apr\u00e8s trois albums \u00e0 savoir \u00ab\u00a0Moulay Mouhand\u00a0\u00bb, \u00ab\u00a0Tafuyt\u00a0\u00bb et \u00ab\u00a0Thounguint\u00a0\u00bb, sortis respectivement en 2007, [&hellip;]<\/p>\n","protected":false},"author":1760,"featured_media":0,"comment_status":"closed","ping_status":"closed","sticky":false,"template":"","format":"standard","meta":{"fifu_image_url":"http:\/\/albayane.press.ma\/wp-content\/uploads\/tifyur3.jpg","fifu_image_alt":"Tifyur, la chanteuse \u00e0 la voix d\u2019or \ufeff","footnotes":""},"categories":[73,54],"tags":[],"class_list":["post-114877","post","type-post","status-publish","format-standard","hentry","category-actualite","category-maroc"],"_links":{"self":[{"href":"https:\/\/linitiative.ca\/International\/wp-json\/wp\/v2\/posts\/114877","targetHints":{"allow":["GET"]}}],"collection":[{"href":"https:\/\/linitiative.ca\/International\/wp-json\/wp\/v2\/posts"}],"about":[{"href":"https:\/\/linitiative.ca\/International\/wp-json\/wp\/v2\/types\/post"}],"author":[{"embeddable":true,"href":"https:\/\/linitiative.ca\/International\/wp-json\/wp\/v2\/users\/1760"}],"replies":[{"embeddable":true,"href":"https:\/\/linitiative.ca\/International\/wp-json\/wp\/v2\/comments?post=114877"}],"version-history":[{"count":0,"href":"https:\/\/linitiative.ca\/International\/wp-json\/wp\/v2\/posts\/114877\/revisions"}],"wp:attachment":[{"href":"https:\/\/linitiative.ca\/International\/wp-json\/wp\/v2\/media?parent=114877"}],"wp:term":[{"taxonomy":"category","embeddable":true,"href":"https:\/\/linitiative.ca\/International\/wp-json\/wp\/v2\/categories?post=114877"},{"taxonomy":"post_tag","embeddable":true,"href":"https:\/\/linitiative.ca\/International\/wp-json\/wp\/v2\/tags?post=114877"}],"curies":[{"name":"wp","href":"https:\/\/api.w.org\/{rel}","templated":true}]}}