{"id":114879,"date":"2021-04-13T14:00:55","date_gmt":"2021-04-13T18:00:55","guid":{"rendered":"https:\/\/linitiative.ca\/International\/%ef%bb%bfles-deputes-plaident-pour-des-mesures-sociales-urgentes-en-faveur-des-categories-impactees\/"},"modified":"2021-04-13T14:00:55","modified_gmt":"2021-04-13T18:00:55","slug":"%ef%bb%bfles-deputes-plaident-pour-des-mesures-sociales-urgentes-en-faveur-des-categories-impactees","status":"publish","type":"post","link":"https:\/\/linitiative.ca\/International\/%ef%bb%bfles-deputes-plaident-pour-des-mesures-sociales-urgentes-en-faveur-des-categories-impactees\/","title":{"rendered":"\ufeffLes d\u00e9put\u00e9s plaident pour des mesures sociales urgentes en faveur des cat\u00e9gories impact\u00e9es"},"content":{"rendered":"<p class=\"has-text-color has-vivid-cyan-blue-color c1\"><strong>Chambre des repr\u00e9sentants<\/strong><\/p>\n<p><strong>Les groupes de la majorit\u00e9 et de l\u2019opposition \u00e0 la Chambre des repr\u00e9sentants ont appel\u00e9, lundi \u00e0 Rabat, le gouvernement \u00e0 prendre des mesures sociales urgentes pour soutenir les cat\u00e9gories impact\u00e9es par les mesures restrictives d\u00e9cid\u00e9es pendant le mois de Ramadan pour lutter contre Covid-19.<\/strong><\/p>\n<p>Lors d\u2019une s\u00e9ance consacr\u00e9e \u00e0 la discussion de la d\u00e9claration du Chef du gouvernement sur la situation \u00e9pid\u00e9miologique au Royaume, les groupes et groupement parlementaires ont indiqu\u00e9 que cette d\u00e9cision aura des effets \u00ab\u00a0dramatiques\u00a0\u00bb sur de larges cat\u00e9gories de la soci\u00e9t\u00e9, les employ\u00e9s des caf\u00e9s et restaurants et les salari\u00e9s non-inscrits \u00e0 la s\u00e9curit\u00e9 sociale, soulignant la n\u00e9cessit\u00e9 d\u2019accompagner cette d\u00e9cision de mesures de soutien et d\u2019accompagnement pour limiter les effets sur ces cat\u00e9gories.<\/p>\n<p>Le gouvernement est appel\u00e9 \u00e0 soutenir ces cat\u00e9gories, en particulier les employ\u00e9s non d\u00e9clar\u00e9s \u00e0 la CNSS, ont insist\u00e9 les parlementaires, appelant l\u2019ex\u00e9cutif \u00e0 redoubler d\u2019effort afin de venir en aide aux classes sociales qui \u00ab\u00a0souffrent en silence\u00a0\u00bb.<\/p>\n<p>R\u00e9pondant aux interventions des groupes et groupement parlementaires, le Chef du gouvernement Sa\u00e2d Dine El Otmani a soulign\u00e9 la poursuite du soutien destin\u00e9 aux cat\u00e9gories souffrant des impacts de la crise sanitaire, faisant savoir que ce soutien sera \u00e9largi pour couvrir, \u00e0 chaque fois, de nouvelles cat\u00e9gories, apr\u00e8s consultation des d\u00e9partements gouvernementaux concern\u00e9s et des professionnels dans le cadre du Comit\u00e9 de veille \u00e9conomique.<\/p>\n<p>Le gouvernement ne m\u00e9nage aucun effort dans la prise de toues les mesures possibles, et qui sont \u00e0 m\u00eame d\u2019all\u00e9ger la souffrance \u00e9conomique et sociale des citoyens, a insist\u00e9 M. El Otmani, appelant \u00e0 une mobilisation nationale totale afin de d\u00e9passer cette crise sanitaire, et ce \u00e0 travers le respect des mesures restrictives en vigueur.<\/p>\n<p>Auteur: M&rsquo;hammed rahal<br \/>\n<a href=\"http:\/\/albayane.press.ma\/%EF%BB%BFles-deputes-plaident-pour-des-mesures-sociales-urgentes-en-faveur-des-categories-impactees.html\">Cliquez ici pour lire l&rsquo;article depuis sa source.<\/a><\/p>\n","protected":false},"excerpt":{"rendered":"<p>Chambre des repr\u00e9sentants Les groupes de la majorit\u00e9 et de l\u2019opposition \u00e0 la Chambre des repr\u00e9sentants ont appel\u00e9, lundi \u00e0 Rabat, le gouvernement \u00e0 prendre des mesures sociales urgentes pour soutenir les cat\u00e9gories impact\u00e9es par les mesures restrictives d\u00e9cid\u00e9es pendant le mois de Ramadan pour lutter contre Covid-19. Lors d\u2019une s\u00e9ance consacr\u00e9e \u00e0 la discussion [&hellip;]<\/p>\n","protected":false},"author":1760,"featured_media":0,"comment_status":"closed","ping_status":"closed","sticky":false,"template":"","format":"standard","meta":{"fifu_image_url":"","fifu_image_alt":"","footnotes":""},"categories":[73,54],"tags":[],"class_list":["post-114879","post","type-post","status-publish","format-standard","hentry","category-actualite","category-maroc"],"_links":{"self":[{"href":"https:\/\/linitiative.ca\/International\/wp-json\/wp\/v2\/posts\/114879","targetHints":{"allow":["GET"]}}],"collection":[{"href":"https:\/\/linitiative.ca\/International\/wp-json\/wp\/v2\/posts"}],"about":[{"href":"https:\/\/linitiative.ca\/International\/wp-json\/wp\/v2\/types\/post"}],"author":[{"embeddable":true,"href":"https:\/\/linitiative.ca\/International\/wp-json\/wp\/v2\/users\/1760"}],"replies":[{"embeddable":true,"href":"https:\/\/linitiative.ca\/International\/wp-json\/wp\/v2\/comments?post=114879"}],"version-history":[{"count":0,"href":"https:\/\/linitiative.ca\/International\/wp-json\/wp\/v2\/posts\/114879\/revisions"}],"wp:attachment":[{"href":"https:\/\/linitiative.ca\/International\/wp-json\/wp\/v2\/media?parent=114879"}],"wp:term":[{"taxonomy":"category","embeddable":true,"href":"https:\/\/linitiative.ca\/International\/wp-json\/wp\/v2\/categories?post=114879"},{"taxonomy":"post_tag","embeddable":true,"href":"https:\/\/linitiative.ca\/International\/wp-json\/wp\/v2\/tags?post=114879"}],"curies":[{"name":"wp","href":"https:\/\/api.w.org\/{rel}","templated":true}]}}