{"id":114880,"date":"2021-04-13T14:00:56","date_gmt":"2021-04-13T18:00:56","guid":{"rendered":"https:\/\/linitiative.ca\/International\/%ef%bb%bfle-maroc-entame-son-processus-dassociation-au-nouveau-programme-cadre-de-lue\/"},"modified":"2021-04-13T14:00:56","modified_gmt":"2021-04-13T18:00:56","slug":"%ef%bb%bfle-maroc-entame-son-processus-dassociation-au-nouveau-programme-cadre-de-lue","status":"publish","type":"post","link":"https:\/\/linitiative.ca\/International\/%ef%bb%bfle-maroc-entame-son-processus-dassociation-au-nouveau-programme-cadre-de-lue\/","title":{"rendered":"\ufeffLe Maroc entame son processus d\u2019Association au nouveau Programme-Cadre de l\u2019UE"},"content":{"rendered":"<p class=\"has-text-color has-vivid-cyan-blue-color c1\">\u00ab<strong>Horizon Europe\u00bb<\/strong><\/p>\n<p><strong>Le Maroc a entam\u00e9 son processus d\u2019Association au Programme europ\u00e9en \u00ab\u00a0Horizon Europe\u00a0\u00bb de l\u2019Union europ\u00e9enne (UE), dot\u00e9 d\u2019un budget global de 95,5 milliards d\u2019euros, au titre de la nouvelle programmation europ\u00e9enne 2021-2027, dans le cadre du renforcement des relations de coop\u00e9ration unissant les deux parties.<\/strong><\/p>\n<p>Les chercheurs marocains pourront avoir acc\u00e8s aux appels \u00e0 projets du Programme \u00ab\u00a0Horizon Europe\u00a0\u00bb, ouverts aux chercheurs des \u00c9tats membres de l\u2019UE et aux autres pays associ\u00e9s audit Programme-Cadre, en tant que partenaires ou coordonnateurs des projets soumis, indique un communiqu\u00e9 conjoint du minist\u00e8re de l\u2019Education nationale, de l\u2019Enseignement sup\u00e9rieur, de la Formation professionnelle et de la Recherche scientifique et de l\u2019UE.<\/p>\n<p>C\u2019est, ainsi, qu\u2019\u00e9tant en phase d\u2019association \u00e0 \u00ab\u00a0Horizon Europe\u00a0\u00bb, le Maroc figure, d\u00e8s \u00e0 pr\u00e9sent, en tant que \u00ab\u00a0Pays Associ\u00e9\u00a0\u00bb, parmi les pays \u00e9ligibles \u00e0 un financement de l\u2019UE dans le cadre des premiers appels \u00e0 projets portant sur la sant\u00e9 et les infrastructures de recherche, qui viennent d\u2019\u00eatre publi\u00e9s sur le portail de la Commission europ\u00e9enne, pr\u00e9cise-t-on.<\/p>\n<p>A ce titre, poursuit la m\u00eame source, les entit\u00e9s de recherche marocaines peuvent postuler d\u00e9sormais auxdits appels qui concernent quatre actions sp\u00e9cifiques dans le cadre de la r\u00e9ponse de l\u2019UE \u00e0 la pand\u00e9mie de COVID-19 et \u00e0 la propagation croissante des variants du SARS-CoV-2, et ouverts du 13 avril au 6 mai 2021, \u00e0 savoir \u00ab\u00a0HORIZON-INFRA-2021-EMERGENCY-01: FAIR and open data sharing in support to European preparedness for COVID-19 and other infectious diseases\u00a0\u00bb, dot\u00e9 d\u2019un budget de 12.000.000 \u20ac, \u00ab\u00a0HORIZON-INFRA-2021-EMERGENCY-02: Research infrastructure services for rapid research responses to COVID-19 and other infectious disease epidemics\u00a0\u00bb, dot\u00e9 d\u2019un budget de 21.000.000 \u20ac, \u00ab\u00a0HORIZON-HLTH-2021-CORONA-01-01: Vaccines &amp; therapeutic clinical trials to boost COVID-19 prevention and treatment\u00a0\u00bb, dot\u00e9 d\u2019un budget de 60.000.000 \u20ac et \u00ab\u00a0HORIZON-HLTH-2021-CORONA-01-02: Cohorts united against COVID-19 variants of concern\u00a0\u00bb, dot\u00e9 d\u2019un budget de 30.000.000 \u20ac.<\/p>\n<p>Compte tenu de la \u00ab\u00a0D\u00e9claration conjointe de l\u2019Union europ\u00e9enne et du Maroc\u00a0\u00bb de juin 2019, faisant \u00e9tat de la mise en place d\u2019un \u00ab\u00a0Espace de connaissances partag\u00e9es\u00a0\u00bb, le Maroc vient de franchir une \u00e9tape charni\u00e8re en mati\u00e8re de recherche scientifique, en partenariat avec l\u2019UE, qui lui permettra d\u00e9sormais de participer \u00e0 tous les appels \u00e0 projets qui seront programm\u00e9s dans le cadre de \u00ab\u00a0Horizon Europe\u00a0\u00bb et d\u2019accro\u00eetre ainsi la participation des structures de recherche marocaines, laquelle consistait, dans le cadre du Programme de recherche europ\u00e9en \u00ab\u00a0Horizon 2020\u00a0\u00bb, en 69 projets financ\u00e9s, \u00e0 hauteur de 6,88 millions d\u2019euros.<\/p>\n<p>Le statut de \u00ab\u00a0Pays Associ\u00e9\u00a0\u00bb audit Programme permettra, non seulement d\u2019am\u00e9liorer l\u2019attractivit\u00e9 et la visibilit\u00e9 des structures de recherche marocaines vis-\u00e0-vis de leurs homologues europ\u00e9ennes, mais \u00e9galement d\u2019encourager et de faciliter leur rapprochement avec les Etats membres de l\u2019UE, les entreprises, les ONG et les partenaires sociaux dans un objectif de valorisation de la recherche et de transfert technologique, conclut le communiqu\u00e9.<\/p>\n<p>Auteur: M&rsquo;hammed rahal<br \/>\n<a href=\"http:\/\/albayane.press.ma\/%EF%BB%BFle-maroc-entame-son-processus-dassociation-au-nouveau-programme-cadre-de-lue.html\">Cliquez ici pour lire l&rsquo;article depuis sa source.<\/a><\/p>\n","protected":false},"excerpt":{"rendered":"<p>\u00abHorizon Europe\u00bb Le Maroc a entam\u00e9 son processus d\u2019Association au Programme europ\u00e9en \u00ab\u00a0Horizon Europe\u00a0\u00bb de l\u2019Union europ\u00e9enne (UE), dot\u00e9 d\u2019un budget global de 95,5 milliards d\u2019euros, au titre de la nouvelle programmation europ\u00e9enne 2021-2027, dans le cadre du renforcement des relations de coop\u00e9ration unissant les deux parties. Les chercheurs marocains pourront avoir acc\u00e8s aux appels [&hellip;]<\/p>\n","protected":false},"author":1760,"featured_media":0,"comment_status":"closed","ping_status":"closed","sticky":false,"template":"","format":"standard","meta":{"fifu_image_url":"","fifu_image_alt":"","footnotes":""},"categories":[73,54],"tags":[],"class_list":["post-114880","post","type-post","status-publish","format-standard","hentry","category-actualite","category-maroc"],"_links":{"self":[{"href":"https:\/\/linitiative.ca\/International\/wp-json\/wp\/v2\/posts\/114880","targetHints":{"allow":["GET"]}}],"collection":[{"href":"https:\/\/linitiative.ca\/International\/wp-json\/wp\/v2\/posts"}],"about":[{"href":"https:\/\/linitiative.ca\/International\/wp-json\/wp\/v2\/types\/post"}],"author":[{"embeddable":true,"href":"https:\/\/linitiative.ca\/International\/wp-json\/wp\/v2\/users\/1760"}],"replies":[{"embeddable":true,"href":"https:\/\/linitiative.ca\/International\/wp-json\/wp\/v2\/comments?post=114880"}],"version-history":[{"count":0,"href":"https:\/\/linitiative.ca\/International\/wp-json\/wp\/v2\/posts\/114880\/revisions"}],"wp:attachment":[{"href":"https:\/\/linitiative.ca\/International\/wp-json\/wp\/v2\/media?parent=114880"}],"wp:term":[{"taxonomy":"category","embeddable":true,"href":"https:\/\/linitiative.ca\/International\/wp-json\/wp\/v2\/categories?post=114880"},{"taxonomy":"post_tag","embeddable":true,"href":"https:\/\/linitiative.ca\/International\/wp-json\/wp\/v2\/tags?post=114880"}],"curies":[{"name":"wp","href":"https:\/\/api.w.org\/{rel}","templated":true}]}}