{"id":114881,"date":"2021-04-14T04:55:39","date_gmt":"2021-04-14T08:55:39","guid":{"rendered":"https:\/\/linitiative.ca\/International\/nouvelles-nominations-au-ministere-du-transport\/"},"modified":"2021-04-14T04:55:39","modified_gmt":"2021-04-14T08:55:39","slug":"nouvelles-nominations-au-ministere-du-transport","status":"publish","type":"post","link":"https:\/\/linitiative.ca\/International\/nouvelles-nominations-au-ministere-du-transport\/","title":{"rendered":"Nouvelles nominations au minist\u00e8re du Transport"},"content":{"rendered":"<p>Le minist\u00e8re du Transport et de la Logistique a annonc\u00e9, mardi, les nouvelles nominations suivantes :<\/p>\n<div class=\"td-a-ad id_inline_ad0 id_ad_content-horiz-center\">\n<div class=\"td_block_wrap tdb_single_content tdi_30 td-pb-border-top td_block_template_1 td-post-content tagdiv-type tdb-block-inner td-fix-index\" data-td-block-uid=\"tdi_30\">\n<p>Lotfi Mhissen, Pr\u00e9sident directeur g\u00e9n\u00e9ral de l\u2019Agence Technique des Transports Terrestres (A.T.T.T)<\/p>\n<p>Wissem Kiida, Directeur g\u00e9n\u00e9ral de l\u2019Institut m\u00e9diterran\u00e9en pour la formation aux m\u00e9tiers de la mer<\/p>\n<\/div>\n<\/div>\n<div class=\"wp-post-author-wrap wp-post-author-shortcode left\">\n<h3 class=\"awpa-title\"\/>\n<div class=\"wp-post-author\">\n<div class=\"awpa-img awpa-author-block square\"><a href=\"http:\/\/lexpertjournal.net\/fr\/?author=5\"><img loading=\"lazy\" decoding=\"async\" alt=\"\" src=\"http:\/\/0.gravatar.com\/avatar\/97f8e10a1c1125ba104a76514ee07b16?s=150&amp;d=mm&amp;r=g\" srcset=\"http:\/\/0.gravatar.com\/avatar\/97f8e10a1c1125ba104a76514ee07b16?s=300&amp;d=mm&amp;r=g 2x\" class=\"avatar avatar-150 photo\" height=\"150\" width=\"150\"\/><\/a><\/div>\n<\/div>\n<\/div>\n<aside class=\"mashsb-container mashsb-main mashsb-stretched\">\n<\/aside>\n<p>Auteur: L&rsquo;expert<br \/>\n<a href=\"http:\/\/lexpertjournal.net\/fr\/?p=19612\">Cliquez ici pour lire l&rsquo;article depuis sa source.<\/a><\/p>\n","protected":false},"excerpt":{"rendered":"<p>Le minist\u00e8re du Transport et de la Logistique a annonc\u00e9, mardi, les nouvelles nominations suivantes : Lotfi Mhissen, Pr\u00e9sident directeur g\u00e9n\u00e9ral de l\u2019Agence Technique des Transports Terrestres (A.T.T.T) Wissem Kiida, Directeur g\u00e9n\u00e9ral de l\u2019Institut m\u00e9diterran\u00e9en pour la formation aux m\u00e9tiers de la mer Auteur: L&rsquo;expert Cliquez ici pour lire l&rsquo;article depuis sa source.<\/p>\n","protected":false},"author":1775,"featured_media":0,"comment_status":"closed","ping_status":"closed","sticky":false,"template":"","format":"standard","meta":{"fifu_image_url":"http:\/\/0.gravatar.com\/avatar\/97f8e10a1c1125ba104a76514ee07b16?s=150&d=mm&r=g","fifu_image_alt":"Nouvelles nominations au minist\u00e8re du Transport","footnotes":""},"categories":[78,55],"tags":[],"class_list":["post-114881","post","type-post","status-publish","format-standard","hentry","category-economie","category-tunisie"],"_links":{"self":[{"href":"https:\/\/linitiative.ca\/International\/wp-json\/wp\/v2\/posts\/114881","targetHints":{"allow":["GET"]}}],"collection":[{"href":"https:\/\/linitiative.ca\/International\/wp-json\/wp\/v2\/posts"}],"about":[{"href":"https:\/\/linitiative.ca\/International\/wp-json\/wp\/v2\/types\/post"}],"author":[{"embeddable":true,"href":"https:\/\/linitiative.ca\/International\/wp-json\/wp\/v2\/users\/1775"}],"replies":[{"embeddable":true,"href":"https:\/\/linitiative.ca\/International\/wp-json\/wp\/v2\/comments?post=114881"}],"version-history":[{"count":0,"href":"https:\/\/linitiative.ca\/International\/wp-json\/wp\/v2\/posts\/114881\/revisions"}],"wp:attachment":[{"href":"https:\/\/linitiative.ca\/International\/wp-json\/wp\/v2\/media?parent=114881"}],"wp:term":[{"taxonomy":"category","embeddable":true,"href":"https:\/\/linitiative.ca\/International\/wp-json\/wp\/v2\/categories?post=114881"},{"taxonomy":"post_tag","embeddable":true,"href":"https:\/\/linitiative.ca\/International\/wp-json\/wp\/v2\/tags?post=114881"}],"curies":[{"name":"wp","href":"https:\/\/api.w.org\/{rel}","templated":true}]}}