{"id":114883,"date":"2021-04-14T08:50:20","date_gmt":"2021-04-14T12:50:20","guid":{"rendered":"https:\/\/linitiative.ca\/International\/lancement-dune-etude-sur-letat-de-pollution-par-le-plastique-dans-les-iles-kerkennah\/"},"modified":"2021-04-14T08:50:20","modified_gmt":"2021-04-14T12:50:20","slug":"lancement-dune-etude-sur-letat-de-pollution-par-le-plastique-dans-les-iles-kerkennah","status":"publish","type":"post","link":"https:\/\/linitiative.ca\/International\/lancement-dune-etude-sur-letat-de-pollution-par-le-plastique-dans-les-iles-kerkennah\/","title":{"rendered":"Lancement d\u2019une \u00e9tude sur l\u2019\u00e9tat de pollution par le plastique dans les \u00eeles Kerkennah"},"content":{"rendered":"<div class=\"td-post-content\">\n<h2>Le Fonds Mondial pour la Nature Afrique du Nord (<a href=\"https:\/\/www.worldwildlife.org\/\" target=\"_blank\" rel=\"noopener noreferrer\">WWF-NA<\/a>) et l\u2019Institut agronomique m\u00e9diterran\u00e9en de Montpellier (CIHEAM Montpellier) ont lanc\u00e9 une \u00e9tude sur l\u2019<a href=\"http:\/\/www.leconomistemaghrebin.com\/2021\/03\/10\/pollution-barrage-tous-responsables-tous-coupables\/\" target=\"_blank\" rel=\"noopener noreferrer\">\u00e9tat de pollution<\/a>\u00a0par le plastique dans les \u00eeles Kerkennah. L\u2019objectif de l\u2019\u00e9tude en question est d\u2019appuyer la d\u00e9pollution des \u00eeles Kerkennah des d\u00e9chets plastiques. Cette initiative s\u2019inscrit dans le cadre de la mise en \u0153uvre de la strat\u00e9gie \u00ab Kerkennah Plastic Free \u00bb.<\/h2>\n<p>En effet, l\u2019archipel de Kerkennah, situ\u00e9 dans le Golfe de Gab\u00e8s, est constitu\u00e9 de quatorze \u00eeles et \u00eelots ayant un relief plat \u00e0 paysage de basses steppes et caract\u00e9ris\u00e9 par des formations s\u00e9dimentaires majoritairement meubles, dont presque le tiers du territoire est occup\u00e9 par des sebkhas. Ces derni\u00e8res repr\u00e9sentent un important site d\u2019hivernage pour plusieurs oiseaux. En outre, les \u00eelots situ\u00e9s au nord-est de l\u2019archipel pr\u00e9sentent une richesse biologique remarquable avec de nombreuses esp\u00e8ces animales ou v\u00e9g\u00e9tales end\u00e9miques, rares ou menac\u00e9es. De plus, ses fonds marins abritent l\u2019un des plus remarquables herbiers \u00e0 Posidonia Oceanica du sud de la M\u00e9diterran\u00e9e. Cependant, l\u2019archipel fait face au probl\u00e8me de la pollution par le plastique.<\/p>\n<p>Mais l\u2019isolation des \u00eeles de Kerkennah, le changement rapide du niveau marin, la salinisation des sols, la p\u00eache intensive, l\u2019\u00e9rosion c\u00f4ti\u00e8re et le rejet non contr\u00f4l\u00e9 des d\u00e9chets contribuent \u00e9norm\u00e9ment \u00e0 la d\u00e9gradation de ses \u00e9cosyst\u00e8mes fragiles et la rendent de plus en plus vuln\u00e9rable. Cette vuln\u00e9rabilit\u00e9, associ\u00e9e aux caract\u00e9ristiques \u00e9cologiques significatives des \u00eeles Kerkennah, leur a valu la d\u00e9signation d\u2019un site Ramsar et d\u2019une r\u00e9serve naturelle (ONU, 2014).<\/p>\n<p>WWF-NA\u00a0 rappelle que la production des d\u00e9chets plastiques \u00e0 Kerkennah atteint 7000 tonnes par an. L\u2019existence d\u2019un seul collecteur priv\u00e9 agr\u00e9\u00e9 et l\u2019ouverture r\u00e9cente de la d\u00e9charge contr\u00f4l\u00e9e ne permettent pas de contenir cette pollution.<\/p>\n<h2>Une pollution omnipr\u00e9sente<\/h2>\n<p>Cette pollution, par son omnipr\u00e9sence, est devenue un enjeu environnemental et sanitaire majeur. La pr\u00e9sence du plastique dans les fonds marins d\u00e9truit, comme l\u2019attestent de nombreux p\u00eacheurs, le milieu de vie de diff\u00e9rentes esp\u00e8ces marines et menace, par sa d\u00e9composition, la sant\u00e9 des consommateurs. Par ailleurs, cette pollution impacte fortement, le secteur touristique en d\u00e9figurant les paysages naturels de l\u2019archipel.<\/p>\n<p>Ce faisant, elle compromet ,\u00e9galement, l\u2019avenir \u00e9conomique de l\u2019\u00eele qui repose principalement, sur ces richesses naturelles. Ce constat est partag\u00e9 par l\u2019ensemble des forces vives du territoire. Mais les chiffres qui illustrent l\u2019\u00e9tat r\u00e9el de la pollution par le plastique n\u2019existent pas ou, dans les meilleurs des cas, sont tr\u00e8s sommaires. Ces chiffres sont d\u2019une importance capitale pour mettre en place des mesures concr\u00e8tes de restauration, a encore estim\u00e9 le fonds.<\/p>\n<h2>L\u2019absence des chiffres motive l\u2019\u00e9tude<\/h2>\n<p>L\u2019\u00e9tude envisag\u00e9e sur la qualification et quantification de l\u2019\u00e9tat de pollution dans les \u00eeles de Kerkennah vise ainsi \u00e0 combler l\u2019absence des chiffres sur l\u2019\u00e9tat r\u00e9el de pollution plastique sur l\u2019archipel. Elle vise , \u00e9galement, \u00e0 favoriser le processus de sa d\u00e9pollution.<\/p>\n<p>DEVLOK est un projet de d\u00e9veloppement local. Il b\u00e9n\u00e9ficie du financement de la D\u00e9l\u00e9gation de l\u2019Union Europ\u00e9enne en Tunisie. Le projet a pour objectif d\u2019installer des initiatives \u00e9conomiques et sociales. L\u2019objectif \u00e9tant de r\u00e9pondre\u00a0 aux attentes de la population locale et valorisant les ressources du territoire. MedIsWet est un projet m\u00e9diterran\u00e9en conjoint. Il b\u00e9n\u00e9ficie du financement de la Fondation Mava pour la Nature. Il\u00a0 vise \u00e0 la conservation des zones humides insulaires dans la M\u00e9diterran\u00e9e.<\/p>\n<p>Avec TAP<\/p>\n<\/div>\n<footer>\n<\/footer>\n<div class=\"wp-post-author-wrap wp-post-author-shortcode left\">\n<h3 class=\"awpa-title\"\/>\n<div class=\"wp-post-author\">\n<div class=\"awpa-img awpa-author-block square\"><a href=\"http:\/\/lexpertjournal.net\/fr\/?author=5\"><img loading=\"lazy\" decoding=\"async\" alt=\"\" src=\"http:\/\/0.gravatar.com\/avatar\/97f8e10a1c1125ba104a76514ee07b16?s=150&amp;d=mm&amp;r=g\" srcset=\"http:\/\/0.gravatar.com\/avatar\/97f8e10a1c1125ba104a76514ee07b16?s=300&amp;d=mm&amp;r=g 2x\" class=\"avatar avatar-150 photo\" height=\"150\" width=\"150\"\/><\/a><\/div>\n<\/div>\n<\/div>\n<aside class=\"mashsb-container mashsb-main mashsb-stretched\">\n<\/aside>\n<p>Auteur: L&rsquo;expert<br \/>\n<a href=\"http:\/\/lexpertjournal.net\/fr\/?p=19641\">Cliquez ici pour lire l&rsquo;article depuis sa source.<\/a><\/p>\n","protected":false},"excerpt":{"rendered":"<p>Le Fonds Mondial pour la Nature Afrique du Nord (WWF-NA) et l\u2019Institut agronomique m\u00e9diterran\u00e9en de Montpellier (CIHEAM Montpellier) ont lanc\u00e9 une \u00e9tude sur l\u2019\u00e9tat de pollution\u00a0par le plastique dans les \u00eeles Kerkennah. L\u2019objectif de l\u2019\u00e9tude en question est d\u2019appuyer la d\u00e9pollution des \u00eeles Kerkennah des d\u00e9chets plastiques. Cette initiative s\u2019inscrit dans le cadre de la [&hellip;]<\/p>\n","protected":false},"author":1775,"featured_media":0,"comment_status":"closed","ping_status":"closed","sticky":false,"template":"","format":"standard","meta":{"fifu_image_url":"http:\/\/0.gravatar.com\/avatar\/97f8e10a1c1125ba104a76514ee07b16?s=150&d=mm&r=g","fifu_image_alt":"Lancement d\u2019une \u00e9tude sur l\u2019\u00e9tat de pollution par le plastique dans les \u00eeles Kerkennah","footnotes":""},"categories":[78,55],"tags":[],"class_list":["post-114883","post","type-post","status-publish","format-standard","hentry","category-economie","category-tunisie"],"_links":{"self":[{"href":"https:\/\/linitiative.ca\/International\/wp-json\/wp\/v2\/posts\/114883","targetHints":{"allow":["GET"]}}],"collection":[{"href":"https:\/\/linitiative.ca\/International\/wp-json\/wp\/v2\/posts"}],"about":[{"href":"https:\/\/linitiative.ca\/International\/wp-json\/wp\/v2\/types\/post"}],"author":[{"embeddable":true,"href":"https:\/\/linitiative.ca\/International\/wp-json\/wp\/v2\/users\/1775"}],"replies":[{"embeddable":true,"href":"https:\/\/linitiative.ca\/International\/wp-json\/wp\/v2\/comments?post=114883"}],"version-history":[{"count":0,"href":"https:\/\/linitiative.ca\/International\/wp-json\/wp\/v2\/posts\/114883\/revisions"}],"wp:attachment":[{"href":"https:\/\/linitiative.ca\/International\/wp-json\/wp\/v2\/media?parent=114883"}],"wp:term":[{"taxonomy":"category","embeddable":true,"href":"https:\/\/linitiative.ca\/International\/wp-json\/wp\/v2\/categories?post=114883"},{"taxonomy":"post_tag","embeddable":true,"href":"https:\/\/linitiative.ca\/International\/wp-json\/wp\/v2\/tags?post=114883"}],"curies":[{"name":"wp","href":"https:\/\/api.w.org\/{rel}","templated":true}]}}