{"id":114884,"date":"2021-04-14T08:54:50","date_gmt":"2021-04-14T12:54:50","guid":{"rendered":"https:\/\/linitiative.ca\/International\/tunisie-portugal-vers-le-renforcement-de-la-collaboration-en-matiere-deau\/"},"modified":"2021-04-14T08:54:50","modified_gmt":"2021-04-14T12:54:50","slug":"tunisie-portugal-vers-le-renforcement-de-la-collaboration-en-matiere-deau","status":"publish","type":"post","link":"https:\/\/linitiative.ca\/International\/tunisie-portugal-vers-le-renforcement-de-la-collaboration-en-matiere-deau\/","title":{"rendered":"Tunisie \u2013 Portugal : vers le renforcement de la collaboration en mati\u00e8re d\u2019eau"},"content":{"rendered":"<div class=\"td-post-content\">\n<h2>\u00ab\u00a0La gestion durable et inclusive de l\u2019eau en Tunisie\u00a0\u00bb a \u00e9t\u00e9 au c\u0153ur d\u2019un webinaire. Il s\u2019est tenu, le 14 avril 2021. Y participaient: la pr\u00e9sidence portugaise du Conseil de l\u2019Union Europ\u00e9enne; la Repr\u00e9sentation de la Banque Europ\u00e9enne d\u2019<a href=\"http:\/\/www.leconomistemaghrebin.com\/2021\/04\/14\/la-tunisie-premier-investisseur-africain-france-2020\/\" target=\"_blank\" rel=\"noopener noreferrer\">Investissement<\/a>\u00a0(BEI) en Tunisie; ainsi que la Repr\u00e9sentation de l\u2019Union europ\u00e9enne en Tunisie.<\/h2>\n<p>Le webinaire a trait\u00e9 du r\u00f4le des secteurs public et priv\u00e9 dans la gestion durable et inclusive des ressources en eau en Tunisie.<\/p>\n<p>Dans ce cadre l\u00e0, l\u2019<a href=\"https:\/\/www.facebook.com\/EmbaixadaPortTunes\/\" target=\"_blank\" rel=\"noopener noreferrer\">Ambassadeur du Portugal en Tunisie<\/a>, Nuno De Mello Bello, souligne l\u2019importance d\u2019une telle approche. Il insiste ainsi sur l\u2019impact b\u00e9n\u00e9fique des partenariats et des projets public-priv\u00e9 dans la gestion durable de l\u2019eau.<\/p>\n<p>En outre, il a expliqu\u00e9 que cette conf\u00e9rence s\u2019inscrit dans le cadre des \u00ab 30 jours de dialogue sur la transition verte \u00bb. En effet, cet \u00e9v\u00e9nement se tient en marge du Forum de haut niveau Afrique-Union europ\u00e9enne sur l\u2019investissement vert. Il se d\u00e9roulera \u00e0 Lisbonne, le 23 avril 2021.<\/p>\n<p>Ainsi, Nuno De Mello rappelle qu\u2019il s\u2019agit d\u2019une initiative de la Pr\u00e9sidence portugaise de l\u2019Union europ\u00e9enne. Des r\u00e9unions et conf\u00e9rences similaires se tiendront dans toutes les capitales africaines. \u00ab\u00a0Nous ouvrirons la voie au Forum sur l\u2019investissement vert du 23 avril 2021\u00a0\u00bb, a-t-il ajout\u00e9.<\/p>\n<p>A cet \u00e9gard, l\u2019ambassadeur a affirm\u00e9 que la coop\u00e9ration Portugal-Tunisie se renforcera en mati\u00e8re de gestion d\u2019eau. \u00ab\u00a0Nous collaborons d\u00e9j\u00e0 avec les autorit\u00e9s tunisiennes et nous comptons renforcer ce partenariat\u00a0\u00bb, confirme-t-il.<\/p>\n<p>Enfin, l\u2019ambassadeur a remerci\u00e9 la Banque Europ\u00e9enne d\u2019Investissement et l\u2019Union europ\u00e9enne pour les efforts d\u00e9ploy\u00e9s afin d\u2019assurer la r\u00e9ussite de cet \u00e9v\u00e9nement.<\/p>\n<\/div>\n<footer>\n<div class=\"td-post-source-tags\">\n<ul class=\"td-tags td-post-small-box clearfix\">\n<li>leconomistemaghrebin<\/li>\n<\/ul>\n<\/div>\n<\/footer>\n<div class=\"wp-post-author-wrap wp-post-author-shortcode left\">\n<h3 class=\"awpa-title\"\/>\n<div class=\"wp-post-author\">\n<div class=\"awpa-img awpa-author-block square\"><a href=\"http:\/\/lexpertjournal.net\/fr\/?author=5\"><img loading=\"lazy\" decoding=\"async\" alt=\"\" src=\"http:\/\/0.gravatar.com\/avatar\/97f8e10a1c1125ba104a76514ee07b16?s=150&amp;d=mm&amp;r=g\" srcset=\"http:\/\/0.gravatar.com\/avatar\/97f8e10a1c1125ba104a76514ee07b16?s=300&amp;d=mm&amp;r=g 2x\" class=\"avatar avatar-150 photo\" height=\"150\" width=\"150\"\/><\/a><\/div>\n<\/div>\n<\/div>\n<aside class=\"mashsb-container mashsb-main mashsb-stretched\">\n<\/aside>\n<p>Auteur: L&rsquo;expert<br \/>\n<a href=\"http:\/\/lexpertjournal.net\/fr\/?p=19644\">Cliquez ici pour lire l&rsquo;article depuis sa source.<\/a><\/p>\n","protected":false},"excerpt":{"rendered":"<p>\u00ab\u00a0La gestion durable et inclusive de l\u2019eau en Tunisie\u00a0\u00bb a \u00e9t\u00e9 au c\u0153ur d\u2019un webinaire. Il s\u2019est tenu, le 14 avril 2021. Y participaient: la pr\u00e9sidence portugaise du Conseil de l\u2019Union Europ\u00e9enne; la Repr\u00e9sentation de la Banque Europ\u00e9enne d\u2019Investissement\u00a0(BEI) en Tunisie; ainsi que la Repr\u00e9sentation de l\u2019Union europ\u00e9enne en Tunisie. Le webinaire a trait\u00e9 du [&hellip;]<\/p>\n","protected":false},"author":1775,"featured_media":0,"comment_status":"closed","ping_status":"closed","sticky":false,"template":"","format":"standard","meta":{"fifu_image_url":"http:\/\/0.gravatar.com\/avatar\/97f8e10a1c1125ba104a76514ee07b16?s=150&d=mm&r=g","fifu_image_alt":"Tunisie \u2013 Portugal : vers le renforcement de la collaboration en mati\u00e8re d\u2019eau","footnotes":""},"categories":[78,55],"tags":[],"class_list":["post-114884","post","type-post","status-publish","format-standard","hentry","category-economie","category-tunisie"],"_links":{"self":[{"href":"https:\/\/linitiative.ca\/International\/wp-json\/wp\/v2\/posts\/114884","targetHints":{"allow":["GET"]}}],"collection":[{"href":"https:\/\/linitiative.ca\/International\/wp-json\/wp\/v2\/posts"}],"about":[{"href":"https:\/\/linitiative.ca\/International\/wp-json\/wp\/v2\/types\/post"}],"author":[{"embeddable":true,"href":"https:\/\/linitiative.ca\/International\/wp-json\/wp\/v2\/users\/1775"}],"replies":[{"embeddable":true,"href":"https:\/\/linitiative.ca\/International\/wp-json\/wp\/v2\/comments?post=114884"}],"version-history":[{"count":0,"href":"https:\/\/linitiative.ca\/International\/wp-json\/wp\/v2\/posts\/114884\/revisions"}],"wp:attachment":[{"href":"https:\/\/linitiative.ca\/International\/wp-json\/wp\/v2\/media?parent=114884"}],"wp:term":[{"taxonomy":"category","embeddable":true,"href":"https:\/\/linitiative.ca\/International\/wp-json\/wp\/v2\/categories?post=114884"},{"taxonomy":"post_tag","embeddable":true,"href":"https:\/\/linitiative.ca\/International\/wp-json\/wp\/v2\/tags?post=114884"}],"curies":[{"name":"wp","href":"https:\/\/api.w.org\/{rel}","templated":true}]}}