{"id":114885,"date":"2021-04-14T08:56:52","date_gmt":"2021-04-14T12:56:52","guid":{"rendered":"https:\/\/linitiative.ca\/International\/lordre-des-ingenieurs-tunisiens-menace-de-recourir-a-lescalade\/"},"modified":"2021-04-14T08:56:52","modified_gmt":"2021-04-14T12:56:52","slug":"lordre-des-ingenieurs-tunisiens-menace-de-recourir-a-lescalade","status":"publish","type":"post","link":"https:\/\/linitiative.ca\/International\/lordre-des-ingenieurs-tunisiens-menace-de-recourir-a-lescalade\/","title":{"rendered":"L\u2019Ordre des ing\u00e9nieurs tunisiens menace de recourir \u00e0 l\u2019escalade"},"content":{"rendered":"<div class=\"td-post-content\">\n<h2>L\u2019Ordre des Ing\u00e9nieurs Tunisiens (OIT) a r\u00e9it\u00e9r\u00e9, mercredi, son appel \u00e0 la g\u00e9n\u00e9ralisation des primes sp\u00e9cifiques aux ing\u00e9nieurs des entreprises et \u00e9tablissements publics.<\/h2>\n<p>L\u2019Ordre des ing\u00e9nieurs revendique l\u2019adoption en urgence de la Loi organique concernant son secteur. L\u2019OIT appelle, \u00e9galement, \u00e0 trouver des solutions pour faciliter l\u2019int\u00e9gration des ing\u00e9nieurs en\u00a0<a href=\"http:\/\/www.leconomistemaghrebin.com\/2021\/01\/11\/2500-ingenieurs-tunisiens-quittent-le-pays-chaque-annee\/\" target=\"_blank\" rel=\"noopener noreferrer\">ch\u00f4mage<\/a>\u00a0dans la vie professionnelle. C\u2019est ce qu\u2019on peut lire dans un communiqu\u00e9 rendu public, aujourd\u2019hui 14 avril, sur sa\u00a0<a href=\"https:\/\/www.facebook.com\/oit.org.tn\" target=\"_blank\" rel=\"noopener noreferrer\">page Facebook<\/a>.<\/p>\n<p>Par ailleurs, l\u2019Ordre a appel\u00e9 \u00e0 faire profiter les ing\u00e9nieurs de la fonction publique et du secteur priv\u00e9 de promotions convenables. En outre, il demande aussi la fixation d\u2019un salaire minimum pour les nouveaux ing\u00e9nieurs dipl\u00f4m\u00e9s exer\u00e7ant dans le secteur priv\u00e9. Ainsi qu\u2019\u00e0 donner la priorit\u00e9 aux cadres ing\u00e9nieurs dans la nomination. Notamment au sein des minist\u00e8res et des \u00e9tablissements publics \u00e0 caract\u00e8re technique.<\/p>\n<p>Par ailleurs, l\u2019OIT invite la pr\u00e9sidence de la R\u00e9publique, la pr\u00e9sidence du Parlement et des organisations nationales \u00e0 intervenir. D\u2019ailleurs, il menace de recourir \u00e0 l\u2019escalade si ses revendications ne sont pas satisfaites.<\/p>\n<p>Avec TAP<\/p>\n<\/div>\n<footer>\n<\/footer>\n<div class=\"wp-post-author-wrap wp-post-author-shortcode left\">\n<h3 class=\"awpa-title\"\/>\n<div class=\"wp-post-author\">\n<div class=\"awpa-img awpa-author-block square\"><a href=\"http:\/\/lexpertjournal.net\/fr\/?author=5\"><img loading=\"lazy\" decoding=\"async\" alt=\"\" src=\"http:\/\/0.gravatar.com\/avatar\/97f8e10a1c1125ba104a76514ee07b16?s=150&amp;d=mm&amp;r=g\" srcset=\"http:\/\/0.gravatar.com\/avatar\/97f8e10a1c1125ba104a76514ee07b16?s=300&amp;d=mm&amp;r=g 2x\" class=\"avatar avatar-150 photo\" height=\"150\" width=\"150\"\/><\/a><\/div>\n<\/div>\n<\/div>\n<aside class=\"mashsb-container mashsb-main mashsb-stretched\">\n<\/aside>\n<p>Auteur: L&rsquo;expert<br \/>\n<a href=\"http:\/\/lexpertjournal.net\/fr\/?p=19647\">Cliquez ici pour lire l&rsquo;article depuis sa source.<\/a><\/p>\n","protected":false},"excerpt":{"rendered":"<p>L\u2019Ordre des Ing\u00e9nieurs Tunisiens (OIT) a r\u00e9it\u00e9r\u00e9, mercredi, son appel \u00e0 la g\u00e9n\u00e9ralisation des primes sp\u00e9cifiques aux ing\u00e9nieurs des entreprises et \u00e9tablissements publics. L\u2019Ordre des ing\u00e9nieurs revendique l\u2019adoption en urgence de la Loi organique concernant son secteur. L\u2019OIT appelle, \u00e9galement, \u00e0 trouver des solutions pour faciliter l\u2019int\u00e9gration des ing\u00e9nieurs en\u00a0ch\u00f4mage\u00a0dans la vie professionnelle. C\u2019est ce [&hellip;]<\/p>\n","protected":false},"author":1775,"featured_media":0,"comment_status":"closed","ping_status":"closed","sticky":false,"template":"","format":"standard","meta":{"fifu_image_url":"http:\/\/0.gravatar.com\/avatar\/97f8e10a1c1125ba104a76514ee07b16?s=150&d=mm&r=g","fifu_image_alt":"L\u2019Ordre des ing\u00e9nieurs tunisiens menace de recourir \u00e0 l\u2019escalade","footnotes":""},"categories":[78,55],"tags":[],"class_list":["post-114885","post","type-post","status-publish","format-standard","hentry","category-economie","category-tunisie"],"_links":{"self":[{"href":"https:\/\/linitiative.ca\/International\/wp-json\/wp\/v2\/posts\/114885","targetHints":{"allow":["GET"]}}],"collection":[{"href":"https:\/\/linitiative.ca\/International\/wp-json\/wp\/v2\/posts"}],"about":[{"href":"https:\/\/linitiative.ca\/International\/wp-json\/wp\/v2\/types\/post"}],"author":[{"embeddable":true,"href":"https:\/\/linitiative.ca\/International\/wp-json\/wp\/v2\/users\/1775"}],"replies":[{"embeddable":true,"href":"https:\/\/linitiative.ca\/International\/wp-json\/wp\/v2\/comments?post=114885"}],"version-history":[{"count":0,"href":"https:\/\/linitiative.ca\/International\/wp-json\/wp\/v2\/posts\/114885\/revisions"}],"wp:attachment":[{"href":"https:\/\/linitiative.ca\/International\/wp-json\/wp\/v2\/media?parent=114885"}],"wp:term":[{"taxonomy":"category","embeddable":true,"href":"https:\/\/linitiative.ca\/International\/wp-json\/wp\/v2\/categories?post=114885"},{"taxonomy":"post_tag","embeddable":true,"href":"https:\/\/linitiative.ca\/International\/wp-json\/wp\/v2\/tags?post=114885"}],"curies":[{"name":"wp","href":"https:\/\/api.w.org\/{rel}","templated":true}]}}