{"id":114886,"date":"2021-04-14T05:28:00","date_gmt":"2021-04-14T09:28:00","guid":{"rendered":"https:\/\/linitiative.ca\/International\/des-journalistes-reviennent-en-autostop\/"},"modified":"2021-04-14T05:28:00","modified_gmt":"2021-04-14T09:28:00","slug":"des-journalistes-reviennent-en-autostop","status":"publish","type":"post","link":"https:\/\/linitiative.ca\/International\/des-journalistes-reviennent-en-autostop\/","title":{"rendered":"Des journalistes reviennent en\u2026 autostop !"},"content":{"rendered":"<div id=\"originalText\" readability=\"66\">\n<p>Le chef du protocole du wali de Tamanrasset fait encore parler de lui. \u00c0 moins d\u2019une ann\u00e9e de son installation, il se lance dans un parcours jalonn\u00e9 de bourdes.<\/p>\n<p>En disgr\u00e2ce avec plusieurs directeurs d\u2019ex\u00e9cutif et des employ\u00e9s de la wilaya \u00e0 cause de son exc\u00e8s de z\u00e8le, il r\u00e9cidive \u00e0 chaque visite minist\u00e9rielle en se mettant dans la peau du chef de cabinet du wali pour prendre des d\u00e9cisions compromettantes, voire contraires aux r\u00e8gles protocolaires d\u2019usage, comme c\u2019\u00e9tait le cas, avant-hier lundi, lors de la visite effectu\u00e9e dans la wilaya par les ministres des Ressources en eau et de l\u2019Environnement.<\/p>\n<p>Avant le d\u00e9part du cort\u00e8ge de la d\u00e9l\u00e9gation minist\u00e9rielle vers le village d\u2019Outoul, \u00e0 35 km du centre-ville, o\u00f9 \u00e9tait pr\u00e9vu le premier point de la visite, le chef du cabinet du wali a invit\u00e9 les journalistes \u00e0 prendre place dans les v\u00e9hicules r\u00e9serv\u00e9s pour cette mission en les faisant descendre du minibus o\u00f9 ils \u00e9taient d\u00e9j\u00e0 install\u00e9s.<\/p>\n<p>Ce geste a visiblement d\u00e9plu au chef du protocole, qui n\u2019a pas trouv\u00e9 mieux pour se r\u00e9volter contre son chef hi\u00e9rarchique que de renvoyer d\u2019Outoul les v\u00e9hicules r\u00e9serv\u00e9s aux journalistes et d\u2019inviter ces derniers \u00e0 s\u2019entasser de nouveau dans le m\u00eame bus avec leurs mat\u00e9riels, sans se soucier des mesures exig\u00e9es par le protocole sanitaire.<\/p>\n<p>Face \u00e0 cette humiliation de trop, des journalistes ayant d\u00e9cid\u00e9 de bouder la visite ont voulu regagner le chef-lieu de wilaya \u00e0 bord des v\u00e9hicules renvoy\u00e9s. Mais le chef du protocole a instruit les conducteurs de ne pas les embarquer et de les abandonner sur le site, les contraignant ainsi \u00e0 revenir en\u2026 autostop !<\/p>\n<\/div>\n<div id=\"text_core\" readability=\"66\">\n<p>Le chef du protocole du wali de Tamanrasset fait encore parler de lui. \u00c0 moins d\u2019une ann\u00e9e de son installation, il se lance dans un parcours jalonn\u00e9 de bourdes.<\/p>\n<p>En disgr\u00e2ce avec plusieurs directeurs d\u2019ex\u00e9cutif et des employ\u00e9s de la wilaya \u00e0 cause de son exc\u00e8s de z\u00e8le, il r\u00e9cidive \u00e0 chaque visite minist\u00e9rielle en se mettant dans la peau du chef de cabinet du wali pour prendre des d\u00e9cisions compromettantes, voire contraires aux r\u00e8gles protocolaires d\u2019usage, comme c\u2019\u00e9tait le cas, avant-hier lundi, lors de la visite effectu\u00e9e dans la wilaya par les ministres des Ressources en eau et de l\u2019Environnement.<\/p>\n<p>Avant le d\u00e9part du cort\u00e8ge de la d\u00e9l\u00e9gation minist\u00e9rielle vers le village d\u2019Outoul, \u00e0 35 km du centre-ville, o\u00f9 \u00e9tait pr\u00e9vu le premier point de la visite, le chef du cabinet du wali a invit\u00e9 les journalistes \u00e0 prendre place dans les v\u00e9hicules r\u00e9serv\u00e9s pour cette mission en les faisant descendre du minibus o\u00f9 ils \u00e9taient d\u00e9j\u00e0 install\u00e9s.<\/p>\n<p>Ce geste a visiblement d\u00e9plu au chef du protocole, qui n\u2019a pas trouv\u00e9 mieux pour se r\u00e9volter contre son chef hi\u00e9rarchique que de renvoyer d\u2019Outoul les v\u00e9hicules r\u00e9serv\u00e9s aux journalistes et d\u2019inviter ces derniers \u00e0 s\u2019entasser de nouveau dans le m\u00eame bus avec leurs mat\u00e9riels, sans se soucier des mesures exig\u00e9es par le protocole sanitaire.<\/p>\n<p>Face \u00e0 cette humiliation de trop, des journalistes ayant d\u00e9cid\u00e9 de bouder la visite ont voulu regagner le chef-lieu de wilaya \u00e0 bord des v\u00e9hicules renvoy\u00e9s. Mais le chef du protocole a instruit les conducteurs de ne pas les embarquer et de les abandonner sur le site, les contraignant ainsi \u00e0 revenir en\u2026 autostop !<\/p>\n<\/div>\n<p>Auteur:<br \/>\n<a href=\"https:\/\/www.liberte-algerie.com\/radar\/des-journalistes-reviennent-en-autostop-357176\">Cliquez ici pour lire l&rsquo;article depuis sa source.<\/a><\/p>\n","protected":false},"excerpt":{"rendered":"<p>Le chef du protocole du wali de Tamanrasset fait encore parler de lui. \u00c0 moins d\u2019une ann\u00e9e de son installation, il se lance dans un parcours jalonn\u00e9 de bourdes. En disgr\u00e2ce avec plusieurs directeurs d\u2019ex\u00e9cutif et des employ\u00e9s de la wilaya \u00e0 cause de son exc\u00e8s de z\u00e8le, il r\u00e9cidive \u00e0 chaque visite minist\u00e9rielle en [&hellip;]<\/p>\n","protected":false},"author":1742,"featured_media":0,"comment_status":"closed","ping_status":"closed","sticky":false,"template":"","format":"standard","meta":{"fifu_image_url":"","fifu_image_alt":"","footnotes":""},"categories":[73,53],"tags":[],"class_list":["post-114886","post","type-post","status-publish","format-standard","hentry","category-actualite","category-algerie"],"_links":{"self":[{"href":"https:\/\/linitiative.ca\/International\/wp-json\/wp\/v2\/posts\/114886","targetHints":{"allow":["GET"]}}],"collection":[{"href":"https:\/\/linitiative.ca\/International\/wp-json\/wp\/v2\/posts"}],"about":[{"href":"https:\/\/linitiative.ca\/International\/wp-json\/wp\/v2\/types\/post"}],"author":[{"embeddable":true,"href":"https:\/\/linitiative.ca\/International\/wp-json\/wp\/v2\/users\/1742"}],"replies":[{"embeddable":true,"href":"https:\/\/linitiative.ca\/International\/wp-json\/wp\/v2\/comments?post=114886"}],"version-history":[{"count":0,"href":"https:\/\/linitiative.ca\/International\/wp-json\/wp\/v2\/posts\/114886\/revisions"}],"wp:attachment":[{"href":"https:\/\/linitiative.ca\/International\/wp-json\/wp\/v2\/media?parent=114886"}],"wp:term":[{"taxonomy":"category","embeddable":true,"href":"https:\/\/linitiative.ca\/International\/wp-json\/wp\/v2\/categories?post=114886"},{"taxonomy":"post_tag","embeddable":true,"href":"https:\/\/linitiative.ca\/International\/wp-json\/wp\/v2\/tags?post=114886"}],"curies":[{"name":"wp","href":"https:\/\/api.w.org\/{rel}","templated":true}]}}