{"id":114887,"date":"2021-04-14T05:28:00","date_gmt":"2021-04-14T09:28:00","guid":{"rendered":"https:\/\/linitiative.ca\/International\/le-dossier-bientot-sur-la-table-du-gouvernement\/"},"modified":"2021-04-14T05:28:00","modified_gmt":"2021-04-14T09:28:00","slug":"le-dossier-bientot-sur-la-table-du-gouvernement","status":"publish","type":"post","link":"https:\/\/linitiative.ca\/International\/le-dossier-bientot-sur-la-table-du-gouvernement\/","title":{"rendered":"Le dossier bient\u00f4t sur la table du gouvernement"},"content":{"rendered":"<div id=\"originalText\" readability=\"59\">\n<p>Le conseiller du pr\u00e9sident de la R\u00e9publique charg\u00e9 des zones d\u2019ombre, Brahim Merad, a r\u00e9v\u00e9l\u00e9, lors de sa visite de deux jours \u00e0 A\u00efn T\u00e9mouchent, que le dossier du foncier agricole atterrira prochainement sur la table du gouvernement.<\/p>\n<p>Longtemps soulev\u00e9 par les agriculteurs, ce dossier fera l\u2019objet d\u2019un examen lors d\u2019une r\u00e9union du gouvernement qui se prononcera d\u00e9finitivement sur cette question portant sur la r\u00e9gularisation de la propri\u00e9t\u00e9 du foncier agricole, \u00e9tant donn\u00e9 qu\u2019il a \u00e9galement \u00e9t\u00e9 soulev\u00e9 par les agriculteurs de nombreuses wilayas.<\/p>\n<p>\u201cIl faut que ce probl\u00e8me trouve une solution ad\u00e9quate, sachant que notre proposition a \u00e9t\u00e9 accept\u00e9e par le gouvernement\u201d, a pr\u00e9cis\u00e9 le charg\u00e9 des zones d\u2019ombre.<\/p>\n<p>Il faut souligner que le probl\u00e8me de la propri\u00e9t\u00e9 du foncier agricole a toujours constitu\u00e9 un casse-t\u00eate, aussi bien pour les fellahs, qui trouvent des difficult\u00e9s pour lancer leurs projets d\u2019investissement, que pour les pouvoirs publics et les autorit\u00e9s locales, dont les budgets communaux ne b\u00e9n\u00e9ficient d\u2019aucune taxe.\u00a0<\/p>\n<\/div>\n<div id=\"text_core\" readability=\"59\">\n<p>Le conseiller du pr\u00e9sident de la R\u00e9publique charg\u00e9 des zones d\u2019ombre, Brahim Merad, a r\u00e9v\u00e9l\u00e9, lors de sa visite de deux jours \u00e0 A\u00efn T\u00e9mouchent, que le dossier du foncier agricole atterrira prochainement sur la table du gouvernement.<\/p>\n<p>Longtemps soulev\u00e9 par les agriculteurs, ce dossier fera l\u2019objet d\u2019un examen lors d\u2019une r\u00e9union du gouvernement qui se prononcera d\u00e9finitivement sur cette question portant sur la r\u00e9gularisation de la propri\u00e9t\u00e9 du foncier agricole, \u00e9tant donn\u00e9 qu\u2019il a \u00e9galement \u00e9t\u00e9 soulev\u00e9 par les agriculteurs de nombreuses wilayas.<\/p>\n<p>\u201cIl faut que ce probl\u00e8me trouve une solution ad\u00e9quate, sachant que notre proposition a \u00e9t\u00e9 accept\u00e9e par le gouvernement\u201d, a pr\u00e9cis\u00e9 le charg\u00e9 des zones d\u2019ombre.<\/p>\n<p>Il faut souligner que le probl\u00e8me de la propri\u00e9t\u00e9 du foncier agricole a toujours constitu\u00e9 un casse-t\u00eate, aussi bien pour les fellahs, qui trouvent des difficult\u00e9s pour lancer leurs projets d\u2019investissement, que pour les pouvoirs publics et les autorit\u00e9s locales, dont les budgets communaux ne b\u00e9n\u00e9ficient d\u2019aucune taxe.\u00a0<\/p>\n<\/div>\n<p>Auteur:<br \/>\n<a href=\"https:\/\/www.liberte-algerie.com\/radar\/le-dossier-bientot-sur-la-table-du-gouvernement-357175\">Cliquez ici pour lire l&rsquo;article depuis sa source.<\/a><\/p>\n","protected":false},"excerpt":{"rendered":"<p>Le conseiller du pr\u00e9sident de la R\u00e9publique charg\u00e9 des zones d\u2019ombre, Brahim Merad, a r\u00e9v\u00e9l\u00e9, lors de sa visite de deux jours \u00e0 A\u00efn T\u00e9mouchent, que le dossier du foncier agricole atterrira prochainement sur la table du gouvernement. Longtemps soulev\u00e9 par les agriculteurs, ce dossier fera l\u2019objet d\u2019un examen lors d\u2019une r\u00e9union du gouvernement qui [&hellip;]<\/p>\n","protected":false},"author":1742,"featured_media":0,"comment_status":"closed","ping_status":"closed","sticky":false,"template":"","format":"standard","meta":{"fifu_image_url":"","fifu_image_alt":"","footnotes":""},"categories":[73,53],"tags":[],"class_list":["post-114887","post","type-post","status-publish","format-standard","hentry","category-actualite","category-algerie"],"_links":{"self":[{"href":"https:\/\/linitiative.ca\/International\/wp-json\/wp\/v2\/posts\/114887","targetHints":{"allow":["GET"]}}],"collection":[{"href":"https:\/\/linitiative.ca\/International\/wp-json\/wp\/v2\/posts"}],"about":[{"href":"https:\/\/linitiative.ca\/International\/wp-json\/wp\/v2\/types\/post"}],"author":[{"embeddable":true,"href":"https:\/\/linitiative.ca\/International\/wp-json\/wp\/v2\/users\/1742"}],"replies":[{"embeddable":true,"href":"https:\/\/linitiative.ca\/International\/wp-json\/wp\/v2\/comments?post=114887"}],"version-history":[{"count":0,"href":"https:\/\/linitiative.ca\/International\/wp-json\/wp\/v2\/posts\/114887\/revisions"}],"wp:attachment":[{"href":"https:\/\/linitiative.ca\/International\/wp-json\/wp\/v2\/media?parent=114887"}],"wp:term":[{"taxonomy":"category","embeddable":true,"href":"https:\/\/linitiative.ca\/International\/wp-json\/wp\/v2\/categories?post=114887"},{"taxonomy":"post_tag","embeddable":true,"href":"https:\/\/linitiative.ca\/International\/wp-json\/wp\/v2\/tags?post=114887"}],"curies":[{"name":"wp","href":"https:\/\/api.w.org\/{rel}","templated":true}]}}