{"id":114892,"date":"2021-04-14T12:31:22","date_gmt":"2021-04-14T16:31:22","guid":{"rendered":"https:\/\/linitiative.ca\/International\/covid-19-703-nouveaux-cas-pres-de-45-millions-de-personnes-vaccinees\/"},"modified":"2021-04-14T12:31:22","modified_gmt":"2021-04-14T16:31:22","slug":"covid-19-703-nouveaux-cas-pres-de-45-millions-de-personnes-vaccinees","status":"publish","type":"post","link":"https:\/\/linitiative.ca\/International\/covid-19-703-nouveaux-cas-pres-de-45-millions-de-personnes-vaccinees\/","title":{"rendered":"Covid-19: 703 nouveaux cas, pr\u00e8s de 4,5 millions de personnes vaccin\u00e9es"},"content":{"rendered":"<div readability=\"36\">\n<p>Un total de 703 nouvelles infections au nouveau coronavirus (Covid-19) ont \u00e9t\u00e9 enregistr\u00e9es au cours des 24 derni\u00e8res heures, indique mercredi le minist\u00e8re de la Sant\u00e9 dans un bilan publi\u00e9 \u00e0 16H00, faisant \u00e9galement \u00e9tat de 640 cas de gu\u00e9rison.<\/p>\n<\/div>\n<div readability=\"71\">\n<p>Le nombre des personnes vaccin\u00e9es \u00e0 ce jour (dose 1) a atteint 4.529.399, tandis que 4.166.701 autres ont re\u00e7u la deuxi\u00e8me dose du vaccin, pr\u00e9cise le minist\u00e8re dans son bulletin quotidien sur la situation de la Covid-19.<\/p>\n<p>Les nouvelles contaminations portent \u00e0 503.664 le nombre total des cas de Covid-19, alors que le nombre des personnes r\u00e9tablies est pass\u00e9 \u00e0 489.928, soit un taux de gu\u00e9rison de 97,3%.<\/p>\n<p>Quant au nombre total des d\u00e9c\u00e8s, il est pass\u00e9 \u00e0 8.920 avec 5 nouveaux cas recens\u00e9s en 24 heures, soit un taux de l\u00e9talit\u00e9 de 1,8%. Ces d\u00e9c\u00e8s ont \u00e9t\u00e9 enregistr\u00e9s dans les r\u00e9gions de Rabat-Sal\u00e9-K\u00e9nitra (2), Casablanca-Settat (1), Marrakech-Safi (1) et Tanger-T\u00e9touan-Al Hoceima (1).<\/p>\n<p>Les nouveaux cas d\u2019infection ont \u00e9t\u00e9 signal\u00e9s dans les r\u00e9gions de Casablanca-Settat (483), Rabat-Sal\u00e9-K\u00e9nitra (69), Marrakech-Safi (47), Souss-Massa (23), Tanger-T\u00e9touan-Al Hoceima (16), l\u2019Oriental (16), La\u00e2youne-Sakia El Hamra (16), B\u00e9ni Mellal-Kh\u00e9nifra (11), F\u00e8s-Mekn\u00e8s (11), Dakhla-Oued Eddahab (5), Guelmim\u2013Oued Noun (3), et Dr\u00e2a-Tafilalet (3).<\/p>\n<p>Le nombre des cas actifs s\u2019\u00e9l\u00e8ve \u00e0 4.816 et les cas s\u00e9v\u00e8res ou critiques sont au nombre de 447, dont 15 plac\u00e9s sous intubation.<\/p>\n<\/div>\n<p>Auteur: Meriem IGASS<br \/>\n<a href=\"http:\/\/www.mapmarrakech.ma\/fr\/covid-19-703-nouveaux-cas-pres-de-45-millions-de-personnes-vaccinees\/\">Cliquez ici pour lire l&rsquo;article depuis sa source.<\/a><\/p>\n","protected":false},"excerpt":{"rendered":"<p>Un total de 703 nouvelles infections au nouveau coronavirus (Covid-19) ont \u00e9t\u00e9 enregistr\u00e9es au cours des 24 derni\u00e8res heures, indique mercredi le minist\u00e8re de la Sant\u00e9 dans un bilan publi\u00e9 \u00e0 16H00, faisant \u00e9galement \u00e9tat de 640 cas de gu\u00e9rison. Le nombre des personnes vaccin\u00e9es \u00e0 ce jour (dose 1) a atteint 4.529.399, tandis que [&hellip;]<\/p>\n","protected":false},"author":1788,"featured_media":0,"comment_status":"closed","ping_status":"closed","sticky":false,"template":"","format":"standard","meta":{"fifu_image_url":"","fifu_image_alt":"","footnotes":""},"categories":[54,76],"tags":[],"class_list":["post-114892","post","type-post","status-publish","format-standard","hentry","category-maroc","category-regions"],"_links":{"self":[{"href":"https:\/\/linitiative.ca\/International\/wp-json\/wp\/v2\/posts\/114892","targetHints":{"allow":["GET"]}}],"collection":[{"href":"https:\/\/linitiative.ca\/International\/wp-json\/wp\/v2\/posts"}],"about":[{"href":"https:\/\/linitiative.ca\/International\/wp-json\/wp\/v2\/types\/post"}],"author":[{"embeddable":true,"href":"https:\/\/linitiative.ca\/International\/wp-json\/wp\/v2\/users\/1788"}],"replies":[{"embeddable":true,"href":"https:\/\/linitiative.ca\/International\/wp-json\/wp\/v2\/comments?post=114892"}],"version-history":[{"count":0,"href":"https:\/\/linitiative.ca\/International\/wp-json\/wp\/v2\/posts\/114892\/revisions"}],"wp:attachment":[{"href":"https:\/\/linitiative.ca\/International\/wp-json\/wp\/v2\/media?parent=114892"}],"wp:term":[{"taxonomy":"category","embeddable":true,"href":"https:\/\/linitiative.ca\/International\/wp-json\/wp\/v2\/categories?post=114892"},{"taxonomy":"post_tag","embeddable":true,"href":"https:\/\/linitiative.ca\/International\/wp-json\/wp\/v2\/tags?post=114892"}],"curies":[{"name":"wp","href":"https:\/\/api.w.org\/{rel}","templated":true}]}}