{"id":114895,"date":"2021-04-14T11:41:56","date_gmt":"2021-04-14T15:41:56","guid":{"rendered":"https:\/\/linitiative.ca\/International\/mort-de-bernard-madoff\/"},"modified":"2021-04-14T11:41:56","modified_gmt":"2021-04-14T15:41:56","slug":"mort-de-bernard-madoff","status":"publish","type":"post","link":"https:\/\/linitiative.ca\/International\/mort-de-bernard-madoff\/","title":{"rendered":"Mort de Bernard Madoff"},"content":{"rendered":"<p class=\"rtejustify\">Bernard Madoff. Le Financier et investisseur le plus en vue de la place de New York, tomb\u00e9 ensuite pour une vaste escroquerie, \u00e0 la suite de la crise de 2008, est mort \u00e0 l\u2019\u00e2ge de 82 ans, indiquent ce mercredi les m\u00e9dias am\u00e9ricains.<\/p>\n<p class=\"rtejustify\">Madoff purgeait une peine de 150 ans de prison apr\u00e8s sa condamnation en 2009. Il \u00e9tait plac\u00e9 dans un p\u00e9nitencier de Caroline du Nord, aux \u00c9tats-Unis. Apr\u00e8s l\u2019effondrement des march\u00e9s boursiers \u00e0 la rentr\u00e9e 2008, son escroquerie a \u00e9t\u00e9 r\u00e9v\u00e9l\u00e9e au grand jour. Elle suivait la m\u00e9thode frauduleuse dite de la pyramide de Ponzi.<\/p>\n<p class=\"rtejustify\">Celle-ci consiste \u00e0 piocher dans les finances de ses nouveaux clients pour r\u00e9tribuer ou rembourser des investisseurs plus anciens.<\/p>\n<p class=\"rtejustify\">\u00a0<\/p>\n<p>Auteur: mbasraoui<br \/>\n<a href=\"https:\/\/www.leconomiste.com\/flash-infos\/mort-de-bernard-madoff\">Cliquez ici pour lire l&rsquo;article depuis sa source.<\/a><\/p>\n","protected":false},"excerpt":{"rendered":"<p>Bernard Madoff. Le Financier et investisseur le plus en vue de la place de New York, tomb\u00e9 ensuite pour une vaste escroquerie, \u00e0 la suite de la crise de 2008, est mort \u00e0 l\u2019\u00e2ge de 82 ans, indiquent ce mercredi les m\u00e9dias am\u00e9ricains. Madoff purgeait une peine de 150 ans de prison apr\u00e8s sa condamnation [&hellip;]<\/p>\n","protected":false},"author":1763,"featured_media":0,"comment_status":"closed","ping_status":"closed","sticky":false,"template":"","format":"standard","meta":{"fifu_image_url":"","fifu_image_alt":"","footnotes":""},"categories":[78,54],"tags":[],"class_list":["post-114895","post","type-post","status-publish","format-standard","hentry","category-economie","category-maroc"],"_links":{"self":[{"href":"https:\/\/linitiative.ca\/International\/wp-json\/wp\/v2\/posts\/114895","targetHints":{"allow":["GET"]}}],"collection":[{"href":"https:\/\/linitiative.ca\/International\/wp-json\/wp\/v2\/posts"}],"about":[{"href":"https:\/\/linitiative.ca\/International\/wp-json\/wp\/v2\/types\/post"}],"author":[{"embeddable":true,"href":"https:\/\/linitiative.ca\/International\/wp-json\/wp\/v2\/users\/1763"}],"replies":[{"embeddable":true,"href":"https:\/\/linitiative.ca\/International\/wp-json\/wp\/v2\/comments?post=114895"}],"version-history":[{"count":0,"href":"https:\/\/linitiative.ca\/International\/wp-json\/wp\/v2\/posts\/114895\/revisions"}],"wp:attachment":[{"href":"https:\/\/linitiative.ca\/International\/wp-json\/wp\/v2\/media?parent=114895"}],"wp:term":[{"taxonomy":"category","embeddable":true,"href":"https:\/\/linitiative.ca\/International\/wp-json\/wp\/v2\/categories?post=114895"},{"taxonomy":"post_tag","embeddable":true,"href":"https:\/\/linitiative.ca\/International\/wp-json\/wp\/v2\/tags?post=114895"}],"curies":[{"name":"wp","href":"https:\/\/api.w.org\/{rel}","templated":true}]}}