{"id":114896,"date":"2021-04-14T11:45:58","date_gmt":"2021-04-14T15:45:58","guid":{"rendered":"https:\/\/linitiative.ca\/International\/laayoune-des-individus-issus-de-tindouf-arretes-pour-trafic-de-drogue\/"},"modified":"2021-04-14T11:45:58","modified_gmt":"2021-04-14T15:45:58","slug":"laayoune-des-individus-issus-de-tindouf-arretes-pour-trafic-de-drogue","status":"publish","type":"post","link":"https:\/\/linitiative.ca\/International\/laayoune-des-individus-issus-de-tindouf-arretes-pour-trafic-de-drogue\/","title":{"rendered":"La\u00e2youne: Des individus issus de Tindouf arr\u00eat\u00e9s pour trafic de drogue"},"content":{"rendered":"<p class=\"rtejustify\">La police judiciaire de La\u00e2youne a mis en \u00e9chec, mardi, une tentative de trafic de 529 kg de r\u00e9sine de cannabis (chira), et proc\u00e9d\u00e9 \u00e0 l\u2019interpellation de huit individus soup\u00e7onn\u00e9s de liens avec un r\u00e9seau criminel actif dans le trafic international de drogues et de psychotropes.<\/p>\n<p class=\"rtejustify\">Selon la DGSN, les interventions s\u00e9curitaires effectu\u00e9es dans le cadre de cette affaire ont permis d\u2019appr\u00e9hender, dans une premi\u00e8re \u00e9tape, sept individus, dont un Mauritanien et trois personnes issus des camps de Tindouf. Lors des perquisitions, les services s\u00e9curitaires ont d\u00e9couvert des cargaisons de drogue enterr\u00e9es dans une zone d\u00e9sertique \u00e0 environ 40 km \u00e0 l\u2019est de la\u00e2youne.<\/p>\n<p class=\"rtejustify\">L\u2019enqu\u00eate a permis de saisir chez les suspects un t\u00e9l\u00e9phone portable satellitaire, des armes blanches, deux voitures 4\u00d74, un masque pour dissimuler les donn\u00e9es identitaires et une somme d\u2019argent soup\u00e7onn\u00e9e provenir de cette activit\u00e9 criminelle, pr\u00e9cise la DGSN, ajoutant qu\u2019un officier de police exer\u00e7ant \u00e0 la pr\u00e9fecture de s\u00fbret\u00e9 de La\u00e2youne, a \u00e9galement \u00e9t\u00e9 arr\u00eat\u00e9 pour son lien pr\u00e9sum\u00e9 avec ce r\u00e9seau criminel.<\/p>\n<p class=\"rtejustify\">\u00a0<\/p>\n<p>Auteur: mbasraoui<br \/>\n<a href=\"https:\/\/www.leconomiste.com\/flash-infos\/laayoune-des-individus-issus-de-tindouf-arretes-pour-trafic-de-drogue\">Cliquez ici pour lire l&rsquo;article depuis sa source.<\/a><\/p>\n","protected":false},"excerpt":{"rendered":"<p>La police judiciaire de La\u00e2youne a mis en \u00e9chec, mardi, une tentative de trafic de 529 kg de r\u00e9sine de cannabis (chira), et proc\u00e9d\u00e9 \u00e0 l\u2019interpellation de huit individus soup\u00e7onn\u00e9s de liens avec un r\u00e9seau criminel actif dans le trafic international de drogues et de psychotropes. Selon la DGSN, les interventions s\u00e9curitaires effectu\u00e9es dans le [&hellip;]<\/p>\n","protected":false},"author":1763,"featured_media":0,"comment_status":"closed","ping_status":"closed","sticky":false,"template":"","format":"standard","meta":{"fifu_image_url":"","fifu_image_alt":"","footnotes":""},"categories":[78,54],"tags":[],"class_list":["post-114896","post","type-post","status-publish","format-standard","hentry","category-economie","category-maroc"],"_links":{"self":[{"href":"https:\/\/linitiative.ca\/International\/wp-json\/wp\/v2\/posts\/114896","targetHints":{"allow":["GET"]}}],"collection":[{"href":"https:\/\/linitiative.ca\/International\/wp-json\/wp\/v2\/posts"}],"about":[{"href":"https:\/\/linitiative.ca\/International\/wp-json\/wp\/v2\/types\/post"}],"author":[{"embeddable":true,"href":"https:\/\/linitiative.ca\/International\/wp-json\/wp\/v2\/users\/1763"}],"replies":[{"embeddable":true,"href":"https:\/\/linitiative.ca\/International\/wp-json\/wp\/v2\/comments?post=114896"}],"version-history":[{"count":0,"href":"https:\/\/linitiative.ca\/International\/wp-json\/wp\/v2\/posts\/114896\/revisions"}],"wp:attachment":[{"href":"https:\/\/linitiative.ca\/International\/wp-json\/wp\/v2\/media?parent=114896"}],"wp:term":[{"taxonomy":"category","embeddable":true,"href":"https:\/\/linitiative.ca\/International\/wp-json\/wp\/v2\/categories?post=114896"},{"taxonomy":"post_tag","embeddable":true,"href":"https:\/\/linitiative.ca\/International\/wp-json\/wp\/v2\/tags?post=114896"}],"curies":[{"name":"wp","href":"https:\/\/api.w.org\/{rel}","templated":true}]}}