{"id":114897,"date":"2021-04-14T12:00:57","date_gmt":"2021-04-14T16:00:57","guid":{"rendered":"https:\/\/linitiative.ca\/International\/covid19-452-millions-de-vaccines-447-cas-critiques\/"},"modified":"2021-04-14T12:00:57","modified_gmt":"2021-04-14T16:00:57","slug":"covid19-452-millions-de-vaccines-447-cas-critiques","status":"publish","type":"post","link":"https:\/\/linitiative.ca\/International\/covid19-452-millions-de-vaccines-447-cas-critiques\/","title":{"rendered":"Covid19: 4,52 millions de vaccin\u00e9s, 447 cas critiques"},"content":{"rendered":"<p>Un total de <strong>703<\/strong>\u00a0nouveaux cas d&rsquo;infection au coronavirus et de <strong>640<\/strong> gu\u00e9risons a \u00e9t\u00e9 enregistr\u00e9 au cours des derni\u00e8res 24 heures au Maroc, a annonc\u00e9 ce mercredi le minist\u00e8re de la Sant\u00e9.<\/p>\n<p class=\"rtejustify\">Le nombre des personnes vaccin\u00e9es \u00e0 ce jour (dose 1) a atteint <strong>4.529.399<\/strong>, alors que <strong>4.166.701<\/strong>\u00a0ont re\u00e7u la deuxi\u00e8me dose du vaccin, pr\u00e9cise le minist\u00e8re dans son bulletin quotidien sur la situation de la Covid-19. Au total, plus de <strong>45.000<\/strong> doses ont \u00e9t\u00e9 inject\u00e9es dans les derni\u00e8res 24 heures.<\/p>\n<p class=\"rtejustify\">Ce nouveau bilan porte \u00e0\u00a0<strong>503.664<\/strong> le nombre total des contaminations depuis le premier cas signal\u00e9 en mars 2020. Le nombre des personnes r\u00e9tablies est pass\u00e9 \u00e0 <strong>489.928<\/strong>, soit un taux de gu\u00e9rison de 97,3 %.<\/p>\n<p class=\"rtejustify\">Quant au nombre total des d\u00e9c\u00e8s, il est pass\u00e9 \u00e0\u00a0<strong>8.920<\/strong> avec <strong>5<\/strong>\u00a0nouveaux cas recens\u00e9s en 24 heures, soit un taux de l\u00e9talit\u00e9 de 1,8%. Le nombre des cas actifs s&rsquo;\u00e9l\u00e8ve \u00e0 <strong>4.816<\/strong> , tandis que les cas s\u00e9v\u00e8res ou critiques sont au nombre de <strong>447<\/strong>, dont <strong>15<\/strong> plac\u00e9s sous intubation.<\/p>\n<blockquote readability=\"4.75\">\n<p class=\"rtejustify\"><strong>Pour plus de d\u00e9tails, voir l&rsquo;\u00e9volution en temps r\u00e9el de l&rsquo;\u00e9pid\u00e9mie sur <a href=\"https:\/\/www.leconomiste.com\/covid19\/\">https:\/\/www.leconomiste.com\/covid19\/<\/a><\/strong><\/p>\n<\/blockquote>\n<p class=\"rtejustify\">\u00a0<\/p>\n<p>Auteur: mbasraoui<br \/>\n<a href=\"https:\/\/www.leconomiste.com\/flash-infos\/covid19-4-49-millions-de-vaccines-446-cas-critiques\">Cliquez ici pour lire l&rsquo;article depuis sa source.<\/a><\/p>\n","protected":false},"excerpt":{"rendered":"<p>Un total de 703\u00a0nouveaux cas d&rsquo;infection au coronavirus et de 640 gu\u00e9risons a \u00e9t\u00e9 enregistr\u00e9 au cours des derni\u00e8res 24 heures au Maroc, a annonc\u00e9 ce mercredi le minist\u00e8re de la Sant\u00e9. Le nombre des personnes vaccin\u00e9es \u00e0 ce jour (dose 1) a atteint 4.529.399, alors que 4.166.701\u00a0ont re\u00e7u la deuxi\u00e8me dose du vaccin, pr\u00e9cise [&hellip;]<\/p>\n","protected":false},"author":1763,"featured_media":0,"comment_status":"closed","ping_status":"closed","sticky":false,"template":"","format":"standard","meta":{"fifu_image_url":"","fifu_image_alt":"","footnotes":""},"categories":[78,54],"tags":[],"class_list":["post-114897","post","type-post","status-publish","format-standard","hentry","category-economie","category-maroc"],"_links":{"self":[{"href":"https:\/\/linitiative.ca\/International\/wp-json\/wp\/v2\/posts\/114897","targetHints":{"allow":["GET"]}}],"collection":[{"href":"https:\/\/linitiative.ca\/International\/wp-json\/wp\/v2\/posts"}],"about":[{"href":"https:\/\/linitiative.ca\/International\/wp-json\/wp\/v2\/types\/post"}],"author":[{"embeddable":true,"href":"https:\/\/linitiative.ca\/International\/wp-json\/wp\/v2\/users\/1763"}],"replies":[{"embeddable":true,"href":"https:\/\/linitiative.ca\/International\/wp-json\/wp\/v2\/comments?post=114897"}],"version-history":[{"count":0,"href":"https:\/\/linitiative.ca\/International\/wp-json\/wp\/v2\/posts\/114897\/revisions"}],"wp:attachment":[{"href":"https:\/\/linitiative.ca\/International\/wp-json\/wp\/v2\/media?parent=114897"}],"wp:term":[{"taxonomy":"category","embeddable":true,"href":"https:\/\/linitiative.ca\/International\/wp-json\/wp\/v2\/categories?post=114897"},{"taxonomy":"post_tag","embeddable":true,"href":"https:\/\/linitiative.ca\/International\/wp-json\/wp\/v2\/tags?post=114897"}],"curies":[{"name":"wp","href":"https:\/\/api.w.org\/{rel}","templated":true}]}}