{"id":114899,"date":"2021-04-14T14:06:01","date_gmt":"2021-04-14T18:06:01","guid":{"rendered":"https:\/\/linitiative.ca\/International\/le-roi-lance-le-projet-de-generalisation-de-la-protection-sociale\/"},"modified":"2021-04-14T14:06:01","modified_gmt":"2021-04-14T18:06:01","slug":"le-roi-lance-le-projet-de-generalisation-de-la-protection-sociale","status":"publish","type":"post","link":"https:\/\/linitiative.ca\/International\/le-roi-lance-le-projet-de-generalisation-de-la-protection-sociale\/","title":{"rendered":"Le Roi lance le projet de g\u00e9n\u00e9ralisation de la protection sociale"},"content":{"rendered":"<p class=\"rtejustify\">C\u2019est parti pour le projet de g\u00e9n\u00e9ralisation de la protection sociale. Le Roi Mohammed VI\u00a0a en effet pr\u00e9sid\u00e9,\u00a0ce mercredi, au palais royal de F\u00e8s, la c\u00e9r\u00e9monie de lancement de la mise en \u0153uvre de ce grand projet et de signature des premi\u00e8res conventions y aff\u00e9rentes.<\/p>\n<p class=\"rtejustify\">Dans un premier temps,\u00a0ce chantier royal b\u00e9n\u00e9ficiera aux agriculteurs, artisans et professionnels de l\u00a0\u00bbartisanat, aux commer\u00e7ants, professionnels et prestataires ind\u00e9pendants soumis au r\u00e9gime de contribution professionnelle unique (cpu), au r\u00e9gime de l\u00a0\u00bbauto-entrepreneur ou au r\u00e9gime de la comptabilit\u00e9. Ce chantier sera ensuite \u00e9tendu \u00e0 d\u2019autres cat\u00e9gories dans la perspective de la g\u00e9n\u00e9ralisation effective de la protection sociale \u00e0 tous les citoyens.<\/p>\n<p class=\"rtejustify\">Ce vaste chantier royal b\u00e9n\u00e9ficiera d&rsquo;une enveloppe de 51 milliards de DH, dont 23 milliards assur\u00e9s par le budget g\u00e9n\u00e9ral de l&rsquo;Etat. Il porte, premi\u00e8rement, sur la g\u00e9n\u00e9ralisation de l\u2019Assurance maladie obligatoire (AMO)\u00a0de base durant les ann\u00e9es 2021 et 2022, et ce par l\u2019\u00e9largissement de l&rsquo;assiette des b\u00e9n\u00e9ficiaires de cette assurance pour inclure les cat\u00e9gories vuln\u00e9rables b\u00e9n\u00e9ficiant du Ramed\u00a0et la cat\u00e9gorie des professionnels et travailleurs ind\u00e9pendants et personnes non-salari\u00e9es, qui exercent une activit\u00e9 lib\u00e9rale. L&rsquo;objectif est d&rsquo;atteindre 22 millions de personnes suppl\u00e9mentaires couvertes par cette assurance, qui couvre les frais de traitement, de m\u00e9dicaments et d\u2019hospitalisation.<\/p>\n<p>Deuxi\u00e8mement, le chantier concernera la g\u00e9n\u00e9ralisation des allocations familiales durant les ann\u00e9es 2023 et 2024 et ce, en permettant aux m\u00e9nages, qui ne b\u00e9n\u00e9ficient pas de ces allocations, de toucher des indemnit\u00e9s couvrant les risques li\u00e9s \u00e0 l\u2019enfance, ou des indemnit\u00e9s forfaitaires, a relev\u00e9 le minist\u00e8re des Finances Mohamed\u00a0Bencha\u00e2boun, lors d&rsquo;un expos\u00e9 devant le Souverain.<\/p>\n<p>Quant au\u00a0troisi\u00e8me point, il consiste en l\u2019\u00e9largissement en l&rsquo;an 2025 de l&rsquo;assiette des adh\u00e9rents aux r\u00e9gimes de retraite pour inclure les personnes qui exercent un emploi et ne b\u00e9n\u00e9ficient d\u2019aucune pension, \u00e0 travers la mise en application du syst\u00e8me des retraites propre aux cat\u00e9gories des professionnels et travailleurs ind\u00e9pendants et personnes non-salari\u00e9es qui exercent une activit\u00e9 lib\u00e9rale, afin d\u2019englober toutes les cat\u00e9gories concern\u00e9es.<\/p>\n<p>Le quatri\u00e8me point \u00e9voqu\u00e9 par le ministre a trait \u00e0 la g\u00e9n\u00e9ralisation de l\u2019indemnit\u00e9 pour perte d&#8217;emploi en l\u2019an 2025 pour couvrir toute personne exer\u00e7ant un emploi stable \u00e0 travers la simplification des conditions pour b\u00e9n\u00e9ficier de cette indemnit\u00e9 et l\u2019\u00e9largissement de l&rsquo;assiette des b\u00e9n\u00e9ficiaires.<\/p>\n<p>Auteur: hgueye<br \/>\n<a href=\"https:\/\/www.leconomiste.com\/flash-infos\/le-roi-lance-le-projet-de-generalisation-de-la-protection-sociale\">Cliquez ici pour lire l&rsquo;article depuis sa source.<\/a><\/p>\n","protected":false},"excerpt":{"rendered":"<p>C\u2019est parti pour le projet de g\u00e9n\u00e9ralisation de la protection sociale. Le Roi Mohammed VI\u00a0a en effet pr\u00e9sid\u00e9,\u00a0ce mercredi, au palais royal de F\u00e8s, la c\u00e9r\u00e9monie de lancement de la mise en \u0153uvre de ce grand projet et de signature des premi\u00e8res conventions y aff\u00e9rentes. Dans un premier temps,\u00a0ce chantier royal b\u00e9n\u00e9ficiera aux agriculteurs, artisans [&hellip;]<\/p>\n","protected":false},"author":1763,"featured_media":0,"comment_status":"closed","ping_status":"closed","sticky":false,"template":"","format":"standard","meta":{"fifu_image_url":"","fifu_image_alt":"","footnotes":""},"categories":[78,54],"tags":[],"class_list":["post-114899","post","type-post","status-publish","format-standard","hentry","category-economie","category-maroc"],"_links":{"self":[{"href":"https:\/\/linitiative.ca\/International\/wp-json\/wp\/v2\/posts\/114899","targetHints":{"allow":["GET"]}}],"collection":[{"href":"https:\/\/linitiative.ca\/International\/wp-json\/wp\/v2\/posts"}],"about":[{"href":"https:\/\/linitiative.ca\/International\/wp-json\/wp\/v2\/types\/post"}],"author":[{"embeddable":true,"href":"https:\/\/linitiative.ca\/International\/wp-json\/wp\/v2\/users\/1763"}],"replies":[{"embeddable":true,"href":"https:\/\/linitiative.ca\/International\/wp-json\/wp\/v2\/comments?post=114899"}],"version-history":[{"count":0,"href":"https:\/\/linitiative.ca\/International\/wp-json\/wp\/v2\/posts\/114899\/revisions"}],"wp:attachment":[{"href":"https:\/\/linitiative.ca\/International\/wp-json\/wp\/v2\/media?parent=114899"}],"wp:term":[{"taxonomy":"category","embeddable":true,"href":"https:\/\/linitiative.ca\/International\/wp-json\/wp\/v2\/categories?post=114899"},{"taxonomy":"post_tag","embeddable":true,"href":"https:\/\/linitiative.ca\/International\/wp-json\/wp\/v2\/tags?post=114899"}],"curies":[{"name":"wp","href":"https:\/\/api.w.org\/{rel}","templated":true}]}}