{"id":114908,"date":"2021-04-14T07:44:00","date_gmt":"2021-04-14T11:44:00","guid":{"rendered":"https:\/\/linitiative.ca\/International\/violation-du-siege-de-lagence-tap-un-acte-indigne-de-la-democratie-album-photos\/"},"modified":"2021-04-14T07:44:00","modified_gmt":"2021-04-14T11:44:00","slug":"violation-du-siege-de-lagence-tap-un-acte-indigne-de-la-democratie-album-photos","status":"publish","type":"post","link":"https:\/\/linitiative.ca\/International\/violation-du-siege-de-lagence-tap-un-acte-indigne-de-la-democratie-album-photos\/","title":{"rendered":"Violation du si\u00e8ge de l\u2019Agence TAP : Un acte indigne de la d\u00e9mocratie (Album Photos)"},"content":{"rendered":"<p>Tenter un passage en force pour s\u2019imposer \u00e0 la t\u00eate de l\u2019Agence Tunis Afrique Presse (ATP) est inadmissible ! Les sc\u00e8nes de ce qui s\u2019est pass\u00e9 mardi au si\u00e8ge, \u00e0 El Manar, sont cauchemardesques. D\u00e9nonc\u00e9 par les journalistes de l\u2019Agence en premier lieu, soutenus en cela par leurs confr\u00e8res en Tunisie et \u00e0 l\u2019\u00e9tranger, elles t\u00e9moignent d\u2019une violation du si\u00e8ge d\u2019un m\u00e9dia qui lutte pour son ind\u00e9pendance et pour la libert\u00e9 de ses journalistes. En ce premier jour du ramadhan, l\u2019affrontement \u00e9tait \u00e0 son comble, entre la force du pouvoir et la puissance de la libert\u00e9 de la presse. Alors que l\u2019Agence TAP, avait amorc\u00e9 sous la f\u00e9rule de la directrice g\u00e9n\u00e9rale Mouna Mtibaa, limog\u00e9e en toute surprise, sa mue digitale, dans un \u00e9lan commun avec les \u00e9quipes, une nouvelle nomination jug\u00e9e inacceptable vient tout perturber. Le climat social, d\u00e9j\u00e0 sensible, s\u2019en trouve enflamm\u00e9.<\/p>\n<p>Ce que beaucoup ne savent pas, c\u2019est que les p\u00e8res fondateurs de l\u2019Agence TAP voulaient la doter d\u2019un statut garantissant sa p\u00e9rennit\u00e9 avec ou sans l\u2019aide de l\u2019Etat. \u00abJ\u2019avais pens\u00e9 \u00e0 une soci\u00e9t\u00e9 anonyme o\u00f9 l\u2019Etat, les journalistes et les m\u00e9dias sont actionnaires, se souvient encore, Hamed Zeghal, alors directeur de l\u2019Information, charg\u00e9 de cr\u00e9er l\u2019Agence. Je m\u2019\u00e9tais dit, \u00e0 la lumi\u00e8re de l\u2019exp\u00e9rience des grandes agences, qu\u2019il ne fallait ni suivre le mod\u00e8le de l\u2019AFP \u00e0 100% propri\u00e9t\u00e9 de l\u2019Etat, ni celui des agences am\u00e9ricaines, \u00e0 100% priv\u00e9es. En associant le personnel de l\u2019Agence et ses clients autour de l\u2019Etat, on lui assure un actionnariat solide et, partant, une bonne gouvernance\u00bb.\u00a0 Ce concept ne s\u2019est finalement pas r\u00e9alis\u00e9, m\u00eame si certains journalistes de l\u2019\u00e9poque et des m\u00e9dias publics ont souscrit au capital.<\/p>\n<p>Quel int\u00e9r\u00eat peuvent avoir les pouvoirs publics en mettant la main sur la direction g\u00e9n\u00e9rale de l\u2019Agence ou de tout autre m\u00e9dia public ? S\u2019il s\u2019agit de s\u2019assurer de l\u2019impartialit\u00e9 et de la bonne gestion au titre d\u2019une gouvernance appropri\u00e9e, de grands corps de l\u2019Etat sont en mesure de fournir des comp\u00e9tences de haut niveau. La Cour des Compte, le Tribunal administratif, le Contr\u00f4le g\u00e9n\u00e9ral des Services publics et autres institutions regorgent de hauts magistrats et fonctionnaires capables d\u2019assumer pareilles missions.<\/p>\n<p>Aujourd\u2019hui, les agenciers TAP se sentent offens\u00e9s, outr\u00e9s, bouscul\u00e9s, malmen\u00e9s. Aucun motif ne saurait le justifier. Ce bras de fer est de trop. On ne s\u2019oppose pas \u00e0 la volont\u00e9 des journalistes. On la respecte.<\/p>\n<p><strong>Lire aussi<\/strong><\/p>\n<p><a href=\"https:\/\/www.leaders.com.tn\/article\/10288-l-agence-tap-entame-sa-53e-annee?fbclid=IwAR3rdabq5NARo5emKu38FBOeu80HJopdvBSC_AxdyhQTzxhArHVolIeIfb4\" target=\"_blank\" rel=\"noopener\">L&rsquo;Agence TAP entame sa 53e ann\u00e9e<\/a><br \/>\u00a0<\/p>\n<p class=\"c2\">\u00a0<\/p>\n<p>Auteur:<br \/>\n<a href=\"https:\/\/www.leaders.com.tn\/article\/31719-violation-du-siege-de-l-agence-tap-un-acte-indigne-de-la-democratie-album-photos\">Cliquez ici pour lire l&rsquo;article depuis sa source.<\/a><\/p>\n","protected":false},"excerpt":{"rendered":"<p>Tenter un passage en force pour s\u2019imposer \u00e0 la t\u00eate de l\u2019Agence Tunis Afrique Presse (ATP) est inadmissible ! Les sc\u00e8nes de ce qui s\u2019est pass\u00e9 mardi au si\u00e8ge, \u00e0 El Manar, sont cauchemardesques. D\u00e9nonc\u00e9 par les journalistes de l\u2019Agence en premier lieu, soutenus en cela par leurs confr\u00e8res en Tunisie et \u00e0 l\u2019\u00e9tranger, elles [&hellip;]<\/p>\n","protected":false},"author":1772,"featured_media":0,"comment_status":"closed","ping_status":"closed","sticky":false,"template":"","format":"standard","meta":{"fifu_image_url":"","fifu_image_alt":"","footnotes":""},"categories":[73,55],"tags":[],"class_list":["post-114908","post","type-post","status-publish","format-standard","hentry","category-actualite","category-tunisie"],"_links":{"self":[{"href":"https:\/\/linitiative.ca\/International\/wp-json\/wp\/v2\/posts\/114908","targetHints":{"allow":["GET"]}}],"collection":[{"href":"https:\/\/linitiative.ca\/International\/wp-json\/wp\/v2\/posts"}],"about":[{"href":"https:\/\/linitiative.ca\/International\/wp-json\/wp\/v2\/types\/post"}],"author":[{"embeddable":true,"href":"https:\/\/linitiative.ca\/International\/wp-json\/wp\/v2\/users\/1772"}],"replies":[{"embeddable":true,"href":"https:\/\/linitiative.ca\/International\/wp-json\/wp\/v2\/comments?post=114908"}],"version-history":[{"count":0,"href":"https:\/\/linitiative.ca\/International\/wp-json\/wp\/v2\/posts\/114908\/revisions"}],"wp:attachment":[{"href":"https:\/\/linitiative.ca\/International\/wp-json\/wp\/v2\/media?parent=114908"}],"wp:term":[{"taxonomy":"category","embeddable":true,"href":"https:\/\/linitiative.ca\/International\/wp-json\/wp\/v2\/categories?post=114908"},{"taxonomy":"post_tag","embeddable":true,"href":"https:\/\/linitiative.ca\/International\/wp-json\/wp\/v2\/tags?post=114908"}],"curies":[{"name":"wp","href":"https:\/\/api.w.org\/{rel}","templated":true}]}}