{"id":114909,"date":"2021-04-14T08:11:00","date_gmt":"2021-04-14T12:11:00","guid":{"rendered":"https:\/\/linitiative.ca\/International\/othman-kechrid-un-pionnier-du-commerce-exterieur-album-photos\/"},"modified":"2021-04-14T08:11:00","modified_gmt":"2021-04-14T12:11:00","slug":"othman-kechrid-un-pionnier-du-commerce-exterieur-album-photos","status":"publish","type":"post","link":"https:\/\/linitiative.ca\/International\/othman-kechrid-un-pionnier-du-commerce-exterieur-album-photos\/","title":{"rendered":"Othman Kechrid: Un pionnier du commerce ext\u00e9rieur (Album photos)"},"content":{"rendered":"<p><span class=\"c2\"><em><strong>Par Marouene Mrabet\u00a0<\/strong><\/em><\/span> &#8211; Pr\u00e9sident-fondateur de l\u2019Office de commerce de Tunisie, Si Othman Kechrid a dirig\u00e9 l\u2019organisme du mois d\u2019avril 1962 jusqu\u2019au milieu de l\u2019ann\u00e9e 1966. A titre de rappel, cette \u00e9poque co\u00efncidait avec le d\u00e9but de l\u2019exp\u00e9rience collectiviste et la quasi-disparition du commerce priv\u00e9 (grossistes et d\u00e9taillants). L\u2019OCT devait donc pourvoir \u00e0 l\u2019approvisionnement et la distribution des produits de premi\u00e8re n\u00e9cessit\u00e9 (caf\u00e9, sucre, th\u00e9, poivre&#8230;) sur l\u2019ensemble du territoire national. Il importait aussi les fruits (bananes, pommes et poires), les fruits secs, les pommes de terre ainsi que le papier journal pour les besoins des quotidiens de la place.<\/p>\n<p>Il devait, en outre, r\u00e9aliser les achats, appel\u00e9s march\u00e9s administratifs, des \u00e9quipements destin\u00e9s aux d\u00e9partements de la Sant\u00e9, de l\u2019Education nationale et \u00e0 l\u2019Etablissement de la radiodiffusion et t\u00e9l\u00e9vision tunisiennes.<\/p>\n<p>L\u2019OCT avait \u00e9galement vocation dans le domaine du commerce ext\u00e9rieur en veillant \u00e0 la participation officielle de la Tunisie aux foires et expositions internationales, aux mises en relation d\u2019affaires entre op\u00e9rateurs tunisiens et \u00e9trangers ainsi qu\u2019au contr\u00f4le qualitatif et quantitatif \u00e0 l\u2019exportation. Afin d\u2019assumer au mieux cette double mission, Si Othman Kechrid a mis en place une organisation et une m\u00e9thode de travail susceptibles de r\u00e9pondre aux buts assign\u00e9s:<\/p>\n<p><span class=\"c4\"><strong>Sur le plan du commerce int\u00e9rieur<\/strong><\/span><\/p>\n<p class=\"c6\"><span class=\"c5\"><strong>\u2022<\/strong><\/span> D\u00e9centralisation de l\u2019activit\u00e9 par l\u2019ouverture de trois d\u00e9l\u00e9gations r\u00e9gionales pour le Nord (Tunis), le Centre (Sousse) et le Sud (Sfax),<\/p>\n<p class=\"c6\"><span class=\"c5\"><strong>\u2022<\/strong><\/span> Implantation de treize soci\u00e9t\u00e9s r\u00e9gionales de commerce (une par gouvernorat),<\/p>\n<p class=\"c6\"><span class=\"c5\"><strong>\u2022<\/strong><\/span> Cr\u00e9ation de la soci\u00e9t\u00e9 Etthimar, filiale charg\u00e9e de la commercialisation des fruits et fruits secs,<\/p>\n<p class=\"c6\"><span class=\"c5\"><strong>\u2022<\/strong><\/span> Lancement de supermarch\u00e9s de taille moyenne dans les zones d\u00e9pourvues de circuits de distribution (La Ruche \u00e0 Jendouba),<\/p>\n<p class=\"c6\"><span class=\"c5\"><strong>\u2022<\/strong><\/span> Lancement de deux unit\u00e9s de mise en sachet du th\u00e9 noir, du th\u00e9 vert et du poivre,<\/p>\n<p class=\"c6\"><span class=\"c5\"><strong>\u2022<\/strong><\/span> R\u00e9cup\u00e9ration et vente de l\u2019emballage (caisse en contreplaqu\u00e9, sacs de jute, \u00e9tain) et de d\u00e9chets de papier journal dont les revenus ont servi \u00e0 alimenter l\u2019amorce d\u2019un service social.<\/p>\n<p><span class=\"c7\"><strong>En mati\u00e8re de gestion, son grand apport a consist\u00e9 \u00e0<\/strong><\/span><\/p>\n<p class=\"c6\"><span class=\"c5\"><strong>\u2022<\/strong><\/span> Asseoir les proc\u00e9dures pour une approche rationnelle des achats en faisant appel \u00e0 la concurrence entre fournisseurs,<\/p>\n<p class=\"c6\"><span class=\"c5\"><strong>\u2022<\/strong><\/span> La mise en place de techniques et pratiques pour l\u2019approvisionnement en produits de base,<\/p>\n<p class=\"c6\"><span class=\"c5\"><strong>\u2022<\/strong><\/span> L\u2019instauration d\u2019un esprit d\u2019\u00e9quipe, d\u2019une culture de la responsabilit\u00e9 et de la collaboration permanente.<\/p>\n<p><span class=\"c4\"><strong>Sur le plan du commerce ext\u00e9rieur<\/strong><\/span><\/p>\n<p>Si Othman Kechrid a mis en \u0153uvre les fondements de l\u2019organisation et l\u2019encadrement des participations de la Tunisie aux foires et expositions internationales.<\/p>\n<p>Il a mis en place un r\u00e9seau d\u2019antennes de l\u2019OCT \u00e0 l\u2019\u00e9tranger appel\u00e9es Maisons de Tunisie pour l\u2019exposition et la vente de produits tunisiens, essentiellement des articles de l\u2019artisanat, respectivement \u00e0 Tripoli, Beyrouth, Jeddah, Paris, Londres et New York.<\/p>\n<p>En 1965, il a proc\u00e9d\u00e9 \u00e0 la constitution de la soci\u00e9t\u00e9 Tasdir, d\u00e9di\u00e9e \u00e0 la promotion des exportations, ainsi qu\u2019\u00e0 la soci\u00e9t\u00e9 Mixte CoproNiger, bas\u00e9e \u00e0 Niamey, pour l\u2019\u00e9coulement des produits tunisiens au Niger.<\/p>\n<p>Avant de quitter l\u2019Office, il a tenu \u00e0 le doter d\u2019un statut particulier pour s\u00e9curiser le personnel.<\/p>\n<p>Par ses qualit\u00e9s humaines, sa probit\u00e9 et sa rigueur, Si Othman Kechrid a \u00e9t\u00e9 le mentor, le guide et l\u2019inspirateur de plusieurs g\u00e9n\u00e9rations.<\/p>\n<p><span class=\"c4\"><strong>Autres caract\u00e9ristiques de cette personnalit\u00e9 attachante<\/strong><\/span><\/p>\n<p class=\"c6\"><span class=\"c5\"><strong>\u2022<\/strong><\/span> Au retour d\u2019une mission \u00e0 l\u2019\u00e9tranger, il reversait \u00e0 la caisse le reliquat des frais non consomm\u00e9s.<\/p>\n<p class=\"c8\"><span class=\"c5\"><strong>\u2022<\/strong><\/span> En cas de sinistre, de d\u00e9g\u00e2ts des eaux aux d\u00e9p\u00f4ts de l\u2019Office, il \u00e9tait le premier sur les lieux pour diriger les op\u00e9rations et amortir les pertes.<\/p>\n<p class=\"c10\"><strong>Marouene Mrabet<\/strong><br \/><span class=\"c9\"><em>Cadre de l\u2019Office du commerce<\/em><\/span><\/p>\n<p class=\"c11\"><strong>Lire aussi<\/strong><\/p>\n<p class=\"c11\"><a href=\"https:\/\/www.leaders.com.tn\/article\/31692-chekib-nouira-adieu-am-othman\" target=\"_blank\" rel=\"noopener\">Ch\u00e9kib Nouira: Adieu Am Othman (Album photos)<\/a><\/p>\n<p class=\"c11\"><a href=\"https:\/\/www.leaders.com.tn\/article\/31682-othman-kechrid-de-l-instituteur-au-ministre-de-l-interieur-une-belle-carriere-bien-meritee\" target=\"_blank\" rel=\"noopener\">Othman Kechrid: De l\u2019instituteur au ministre de l\u2019Int\u00e9rieur, une belle carri\u00e8re bien m\u00e9rit\u00e9e (Album photos)<\/a><\/p>\n<p><a href=\"https:\/\/www.leaders.com.tn\/article\/31484-l-ancien-ministre-othman-kechrid-est-decede\" target=\"_blank\" rel=\"noopener\">L\u2019ancien ministre Othman Kechrid est d\u00e9c\u00e9d\u00e9<\/a><br \/><a href=\"https:\/\/www.leaders.com.tn\/article\/18925-othman-kechrid\" target=\"_blank\" rel=\"noopener\">Pourquoi Othman Kechrid, 95 ans, ancien ministre de l\u2019Int\u00e9rieur, a \u00e9t\u00e9 convoqu\u00e9 par la Garde nationale ?<\/a><br \/><a href=\"https:\/\/www.leaders.com.tn\/article\/2504-othman-kechrid-merci-dr-zmerli-de-nous-avoir-si-bien-restitue-le-parcours-du-dr-el-okbi\" target=\"_blank\" rel=\"noopener\">Othman Kechrid: Merci, Dr Zmerli, de nous avoir si bien restitu\u00e9 le parcours du Dr El Okbi<\/a><\/p>\n<p>Auteur:<br \/>\n<a href=\"https:\/\/www.leaders.com.tn\/article\/31720-othman-kechrid-un-pionnier-du-commerce-exterieur\">Cliquez ici pour lire l&rsquo;article depuis sa source.<\/a><\/p>\n","protected":false},"excerpt":{"rendered":"<p>Par Marouene Mrabet\u00a0 &#8211; Pr\u00e9sident-fondateur de l\u2019Office de commerce de Tunisie, Si Othman Kechrid a dirig\u00e9 l\u2019organisme du mois d\u2019avril 1962 jusqu\u2019au milieu de l\u2019ann\u00e9e 1966. A titre de rappel, cette \u00e9poque co\u00efncidait avec le d\u00e9but de l\u2019exp\u00e9rience collectiviste et la quasi-disparition du commerce priv\u00e9 (grossistes et d\u00e9taillants). L\u2019OCT devait donc pourvoir \u00e0 l\u2019approvisionnement et [&hellip;]<\/p>\n","protected":false},"author":1772,"featured_media":0,"comment_status":"closed","ping_status":"closed","sticky":false,"template":"","format":"standard","meta":{"fifu_image_url":"","fifu_image_alt":"","footnotes":""},"categories":[73,55],"tags":[],"class_list":["post-114909","post","type-post","status-publish","format-standard","hentry","category-actualite","category-tunisie"],"_links":{"self":[{"href":"https:\/\/linitiative.ca\/International\/wp-json\/wp\/v2\/posts\/114909","targetHints":{"allow":["GET"]}}],"collection":[{"href":"https:\/\/linitiative.ca\/International\/wp-json\/wp\/v2\/posts"}],"about":[{"href":"https:\/\/linitiative.ca\/International\/wp-json\/wp\/v2\/types\/post"}],"author":[{"embeddable":true,"href":"https:\/\/linitiative.ca\/International\/wp-json\/wp\/v2\/users\/1772"}],"replies":[{"embeddable":true,"href":"https:\/\/linitiative.ca\/International\/wp-json\/wp\/v2\/comments?post=114909"}],"version-history":[{"count":0,"href":"https:\/\/linitiative.ca\/International\/wp-json\/wp\/v2\/posts\/114909\/revisions"}],"wp:attachment":[{"href":"https:\/\/linitiative.ca\/International\/wp-json\/wp\/v2\/media?parent=114909"}],"wp:term":[{"taxonomy":"category","embeddable":true,"href":"https:\/\/linitiative.ca\/International\/wp-json\/wp\/v2\/categories?post=114909"},{"taxonomy":"post_tag","embeddable":true,"href":"https:\/\/linitiative.ca\/International\/wp-json\/wp\/v2\/tags?post=114909"}],"curies":[{"name":"wp","href":"https:\/\/api.w.org\/{rel}","templated":true}]}}