{"id":114911,"date":"2021-04-14T06:00:00","date_gmt":"2021-04-14T10:00:00","guid":{"rendered":"https:\/\/linitiative.ca\/International\/wach-djabek-ya-djaab\/"},"modified":"2021-04-14T06:00:00","modified_gmt":"2021-04-14T10:00:00","slug":"wach-djabek-ya-djaab","status":"publish","type":"post","link":"https:\/\/linitiative.ca\/International\/wach-djabek-ya-djaab\/","title":{"rendered":"Wach djabek, ya Djaab ?"},"content":{"rendered":"<p class=\"c3\">Ya PayPal ! Allah yerham babak, flexyli chou\u00efa\u2026<\/p>\n<p class=\"c3\"><strong>\u2026 d\u00e9mocratie !<\/strong><\/p>\n<p class=\"c3\">Le plus inqui\u00e9tant, au fond, ce n\u2019est pas tant la violence des mots de Dja\u00e2boub \u00e0 l\u2019encontre de la France. Non ! Le plus dramatique, c\u2019est que nous soyons l\u00e0, ensuite, \u00e0 tenter de d\u00e9crypter l\u2019\u00e0-propos de sa salve, de sa charge, \u00e0 nous demander pourquoi ce moment pr\u00e9cis, essayant de \u00ab lire \u00bb et de comprendre le timing. Dja\u00e2boub ? Dja\u00e2boub et le timing ? Autant comparer une Patek Philippe et une Swatch ! Il faut parfois ranger les outils d\u2019analyse pointue et savante dans la bo\u00eete \u00e0 outils et ne voir certains actes que pour ce qu\u2019ils sont : un abysse de m\u00e9connaissance crasse des m\u00e9canismes diplomatiques. Un effroyable m\u00e9lange des genres qui vous propulse un temps maudit hors de votre minist\u00e8re, celui du Travail pour vous introduire en indu occupant, par une soupente ou une mansarde oubli\u00e9e dans un autre minist\u00e8re. M\u2019enfin ! Cette R\u00e9publique pour imparfaite qu\u2019elle est reste tout de m\u00eame dot\u00e9e d\u2019un porte-parole du gouvernement et surtout d\u2019un ministre des Affaires \u00e9trang\u00e8res, que je sache. Si une escalade contre Paris est d\u00e9cid\u00e9e, il y a des voies internationalement convenues et usit\u00e9es pour cette escalade. Des voix autoris\u00e9es \u00e0 dire du bien ou du mal \u00e0 des moments choisis et surtout \u00e0 des tribunes un peu moins improvis\u00e9es qu\u2019un S\u00e9nat ou un Parlement. Alors ? Wach djabek ya Djaab ? Je fume du th\u00e9 et je reste \u00e9veill\u00e9, le cauchemar continue.<br \/><em><strong>H. L.<\/strong><\/em><\/p>\n<p>Auteur:<br \/>\n<a href=\"https:\/\/www.lesoirdalgerie.com\/pousse-avec-eux\/wach-djabek-ya-djaab-59580\">Cliquez ici pour lire l&rsquo;article depuis sa source.<\/a><\/p>\n","protected":false},"excerpt":{"rendered":"<p>Ya PayPal ! Allah yerham babak, flexyli chou\u00efa\u2026 \u2026 d\u00e9mocratie ! Le plus inqui\u00e9tant, au fond, ce n\u2019est pas tant la violence des mots de Dja\u00e2boub \u00e0 l\u2019encontre de la France. Non ! Le plus dramatique, c\u2019est que nous soyons l\u00e0, ensuite, \u00e0 tenter de d\u00e9crypter l\u2019\u00e0-propos de sa salve, de sa charge, \u00e0 nous [&hellip;]<\/p>\n","protected":false},"author":1741,"featured_media":0,"comment_status":"closed","ping_status":"closed","sticky":false,"template":"","format":"standard","meta":{"fifu_image_url":"","fifu_image_alt":"","footnotes":""},"categories":[73,53],"tags":[],"class_list":["post-114911","post","type-post","status-publish","format-standard","hentry","category-actualite","category-algerie"],"_links":{"self":[{"href":"https:\/\/linitiative.ca\/International\/wp-json\/wp\/v2\/posts\/114911","targetHints":{"allow":["GET"]}}],"collection":[{"href":"https:\/\/linitiative.ca\/International\/wp-json\/wp\/v2\/posts"}],"about":[{"href":"https:\/\/linitiative.ca\/International\/wp-json\/wp\/v2\/types\/post"}],"author":[{"embeddable":true,"href":"https:\/\/linitiative.ca\/International\/wp-json\/wp\/v2\/users\/1741"}],"replies":[{"embeddable":true,"href":"https:\/\/linitiative.ca\/International\/wp-json\/wp\/v2\/comments?post=114911"}],"version-history":[{"count":0,"href":"https:\/\/linitiative.ca\/International\/wp-json\/wp\/v2\/posts\/114911\/revisions"}],"wp:attachment":[{"href":"https:\/\/linitiative.ca\/International\/wp-json\/wp\/v2\/media?parent=114911"}],"wp:term":[{"taxonomy":"category","embeddable":true,"href":"https:\/\/linitiative.ca\/International\/wp-json\/wp\/v2\/categories?post=114911"},{"taxonomy":"post_tag","embeddable":true,"href":"https:\/\/linitiative.ca\/International\/wp-json\/wp\/v2\/tags?post=114911"}],"curies":[{"name":"wp","href":"https:\/\/api.w.org\/{rel}","templated":true}]}}