{"id":114915,"date":"2021-04-14T12:19:41","date_gmt":"2021-04-14T16:19:41","guid":{"rendered":"https:\/\/linitiative.ca\/International\/la-cartographie-de-la-misere\/"},"modified":"2021-04-14T12:19:41","modified_gmt":"2021-04-14T16:19:41","slug":"la-cartographie-de-la-misere","status":"publish","type":"post","link":"https:\/\/linitiative.ca\/International\/la-cartographie-de-la-misere\/","title":{"rendered":"La cartographie de la mis\u00e8re"},"content":{"rendered":"<p><strong>La Fondation Mohammed V a entam\u00e9 sa campagne d\u2019aide aux familles n\u00e9cessiteuses pour le Ramadan, d\u00e8s le premier\u00a0 jour du mois sacr\u00e9. Six cents familles sont concern\u00e9es. Plus des deux tiers sont domicili\u00e9es dans les campagnes.<\/strong><\/p>\n<div class=\"c10\">\n<\/div>\n<p>Quand on sait que cette fondation se base sur des \u00e9l\u00e9ments objectifs, des chiffres officiels, cela nous donne une id\u00e9e de la cartographie de la mis\u00e8re. Les citadins ne sont pas les plus mal lotis. Notre paysannerie est us\u00e9e jusqu\u2019\u00e0 l\u2019os. Cela justifie pleinement l\u2019exode rural, le taux d\u2019urbanisation ahurissant. Ahurissant, parce qu\u2019il ne correspond pas \u00e0 l\u2019\u00e9volution de l\u2019activit\u00e9 \u00e9conomique. Le r\u00e9sultat c\u2019est la dramatique ruralisation\u00a0 des villes, celles-ci \u00e9tant incapables d\u2019accueillir les n\u00e9o-arrivants, de leur assurer un logement digne, une activit\u00e9 r\u00e9tributrice, l\u2019acc\u00e8s aux soins, sans parler des loisirs, de la culture ou du sport.<\/p>\n<p><strong>Lire aussi| <a href=\"https:\/\/www.challenge.ma\/lespagne-compte-plus-de-58-millions-detrangers-dont-811-000-marocains-181522\/\">L\u2019Espagne compte plus de 5,8 millions d\u2019\u00e9trangers, dont 811.000 Marocains<\/a><\/strong><\/p>\n<p>Ce drame marocain doit s\u2019imposer dans le d\u00e9bat public. Il faut combattre la mis\u00e8re\u00a0 l\u00e0 o\u00f9 elle est, parce qu\u2019il s\u2019agit de sauvegarder la dignit\u00e9 humaine. Mais la situation dans nos campagnes est tragique, parce qu\u2019elle est syst\u00e9mique. Arr\u00eatons de nous gausser de mots, de plans, si beaux sur les \u00e9crans, mais tr\u00e8s \u00e9loign\u00e9s des pr\u00e9occupations imm\u00e9diates des paysans mis\u00e9reux. Nous sommes un pays semi-aride, nous n\u2019avons pas r\u00e9ussi \u00e0 stopper l\u2019\u00e9miettement des surfaces, ni \u00e0 introduire des sp\u00e9culations plus r\u00e9mun\u00e9ratrices aupr\u00e8s des tr\u00e8s petits agriculteurs.<\/p>\n<p>Nous avons \u00e9chou\u00e9, parce que ceux qui d\u00e9cident ne connaissent pas la culture paysanne. Celui qui a un tout petit lopin de terre, refusera de devenir un ouvrier agricole chez un\u00a0latifundiaire, parce qu\u2019il consid\u00e8re que c\u2019est un d\u00e9classement social. Lisez \u00ab\u00a0Les raisins de la col\u00e8re\u00a0\u00bb, vieux de 80 ans et vous verrez que beaucoup de soci\u00e9t\u00e9s ont v\u00e9cu cet \u00e9cueil culturel li\u00e9 \u00e0 l\u2019attachement \u00e0 la terre.<\/p>\n<p><strong>Lire aussi| <a href=\"https:\/\/www.challenge.ma\/ramadan-voici-les-nouveaux-horaires-du-tramway-a-casablanca-181478\/\">Ramadan : voici les nouveaux horaires du tramway \u00e0 Casablanca<\/a><\/strong><\/p>\n<p>Cette r\u00e9volution culturelle est essentielle et urgentissime. Le Roi a trac\u00e9 l\u2019objectif de la cr\u00e9ation d\u2019une classe moyenne paysanne par le d\u00e9veloppement d\u2019activit\u00e9s non agricoles. C\u2019est un objectif ambitieux qui n\u00e9cessite des moyens. Nous avons ferm\u00e9 les centres d\u2019information, l\u2019Etat n\u2019a plus que les chambres agricoles, politis\u00e9es \u00e0 l\u2019extr\u00eame, pour parler \u00e0 la ruralit\u00e9. C\u2019est tr\u00e8s insuffisant pour combattre la mis\u00e8re.<\/p>\n<div class=\"vw-sticky-sidebar-wrapper vw-sticky-sidebar widget_text awac-wrapper widget_text awac widget custom_html-4 textwidget custom-html-widget\">\n<p class=\"has-background c12\"><span class=\"widget-title c11\">Tribune et D\u00e9bats<\/span><\/p>\n<p>La tribune qui vous parle d\u2019une actu, d\u2019un sujet qui fait d\u00e9bat, les traite et les analyse. \u00c9conomistes et autres experts, patrons d\u2019entreprises, d\u00e9cideurs, acteurs de la soci\u00e9t\u00e9 civile, s\u2019y prononcent et contribuent \u00e0 sa grande richesse. Vous avez votre opinion, convergente ou diff\u00e9rente. Exprimez-la et mesurez-vous ainsi \u00e0 nos tribuns et d\u00e9batteurs.<\/p>\n<p>Envoyez vos analyses \u00e0 : <a href=\"\/cdn-cgi\/l\/email-protection#294a46475d484a5d694a414845454c474e4c074448\"><span class=\"__cf_email__\" data-cfemail=\"274448495346445367444f464b4b42494042094a46\">[email\u00a0protected]<\/span><\/a>, en pr\u00e9cisant votre nom, votre pr\u00e9nom et votre m\u00e9tier.<\/p>\n<\/div>\n<p>Auteur: Jamal Berraoui<br \/>\n<a href=\"https:\/\/www.challenge.ma\/la-cartographie-de-la-misere-181582\/\">Cliquez ici pour lire l&rsquo;article depuis sa source.<\/a><\/p>\n","protected":false},"excerpt":{"rendered":"<p>La Fondation Mohammed V a entam\u00e9 sa campagne d\u2019aide aux familles n\u00e9cessiteuses pour le Ramadan, d\u00e8s le premier\u00a0 jour du mois sacr\u00e9. Six cents familles sont concern\u00e9es. Plus des deux tiers sont domicili\u00e9es dans les campagnes. Quand on sait que cette fondation se base sur des \u00e9l\u00e9ments objectifs, des chiffres officiels, cela nous donne une [&hellip;]<\/p>\n","protected":false},"author":1787,"featured_media":0,"comment_status":"closed","ping_status":"closed","sticky":false,"template":"","format":"standard","meta":{"fifu_image_url":"","fifu_image_alt":"","footnotes":""},"categories":[78,54],"tags":[],"class_list":["post-114915","post","type-post","status-publish","format-standard","hentry","category-economie","category-maroc"],"_links":{"self":[{"href":"https:\/\/linitiative.ca\/International\/wp-json\/wp\/v2\/posts\/114915","targetHints":{"allow":["GET"]}}],"collection":[{"href":"https:\/\/linitiative.ca\/International\/wp-json\/wp\/v2\/posts"}],"about":[{"href":"https:\/\/linitiative.ca\/International\/wp-json\/wp\/v2\/types\/post"}],"author":[{"embeddable":true,"href":"https:\/\/linitiative.ca\/International\/wp-json\/wp\/v2\/users\/1787"}],"replies":[{"embeddable":true,"href":"https:\/\/linitiative.ca\/International\/wp-json\/wp\/v2\/comments?post=114915"}],"version-history":[{"count":0,"href":"https:\/\/linitiative.ca\/International\/wp-json\/wp\/v2\/posts\/114915\/revisions"}],"wp:attachment":[{"href":"https:\/\/linitiative.ca\/International\/wp-json\/wp\/v2\/media?parent=114915"}],"wp:term":[{"taxonomy":"category","embeddable":true,"href":"https:\/\/linitiative.ca\/International\/wp-json\/wp\/v2\/categories?post=114915"},{"taxonomy":"post_tag","embeddable":true,"href":"https:\/\/linitiative.ca\/International\/wp-json\/wp\/v2\/tags?post=114915"}],"curies":[{"name":"wp","href":"https:\/\/api.w.org\/{rel}","templated":true}]}}