{"id":114921,"date":"2021-04-14T16:58:24","date_gmt":"2021-04-14T20:58:24","guid":{"rendered":"https:\/\/linitiative.ca\/International\/la-tunisie-evitee-comme-la-peste-apres-la-gloire-de-lannee-derniere-ou-elle-etait-prise-pour-exemple\/"},"modified":"2021-04-14T16:58:24","modified_gmt":"2021-04-14T20:58:24","slug":"la-tunisie-evitee-comme-la-peste-apres-la-gloire-de-lannee-derniere-ou-elle-etait-prise-pour-exemple","status":"publish","type":"post","link":"https:\/\/linitiative.ca\/International\/la-tunisie-evitee-comme-la-peste-apres-la-gloire-de-lannee-derniere-ou-elle-etait-prise-pour-exemple\/","title":{"rendered":"La Tunisie \u00e9vit\u00e9e comme la peste apr\u00e8s la gloire de l\u2019ann\u00e9e derni\u00e8re o\u00f9 elle \u00e9tait prise pour exemple"},"content":{"rendered":"<div class=\"post-cont-in left relative\">\n<div id=\"post-info-wrap\" class=\"left relative post-info-out\">\n<div class=\"post-info-img left relative\"><img decoding=\"async\" alt=\"\" src=\"https:\/\/secure.gravatar.com\/avatar\/9f10b5e5a102bf8cc0ebfb84f5ab5652?s=50&amp;d=mm&amp;r=g\" srcset=\"https:\/\/secure.gravatar.com\/avatar\/9f10b5e5a102bf8cc0ebfb84f5ab5652?s=100&amp;d=mm&amp;r=g 2x\" class=\"avatar avatar-50 photo\" height=\"50\" width=\"50\" loading=\"lazy\"\/><\/div>\n<div class=\"post-info-in\">\n<div class=\"post-info-right left relative post-info-name left relative\"><span><span class=\"post-info-text\">Par<\/span> <span class=\"author-name vcard fn author\"><a href=\"https:\/\/www.tunisienumerique.com\/author\/ramsis\/\" title=\"Articles par Ramsis\" rel=\"author\">Ramsis<\/a><\/span><\/span> <span class=\"post-date updated\"><time class=\"post-date updated\" datetime=\"2021-04-14\">\u00a0| Il y a 1 minute<\/time><\/span><br \/>\n<meta itemprop=\"dateModified\" content=\"2021-04-14\"\/><\/div>\n<div class=\"left relative\"><button id=\"listenButton1\" class=\"responsivevoice-button\" type=\"button\" value=\"Play\" title=\"\u00c9coutez l'article\"><span>\ud83d\udd0a \u00c9coutez l&rsquo;article<\/span><\/button>\n<\/div>\n<\/div>\n<\/div>\n<p>La plupart des pays du monde ont, derni\u00e8rement, pris des dispositions \u00e0 l\u2019encontre de la Tunisie et des tunisiens. Ces derniers sont, d\u00e9sormais, craints comme des pestif\u00e9r\u00e9s. Les pays ferment les uns apr\u00e8s les autres, leurs fronti\u00e8res devant les tunisiens, qui ont acquis la r\u00e9putation du parfait vecteur du covid.<\/p>\n<div class=\"code-block code-block-1 c4\">\n <ins class=\"adsbygoogle c3\" data-ad-layout=\"in-article\" data-ad-format=\"fluid\" data-ad-client=\"ca-pub-2102118777505746\" data-ad-slot=\"7301775417\"\/>\n<\/div>\n<p>Il faut qu\u2019on sache, et nos gouverneurs en premier, que le monde est devenu tel une petite bourgade, o\u00f9 tout le monde sait tout \u00e0 propos de tout le monde. Et les scandales des tunisiens qui d\u00e9fient tous les protocoles sanitaires, ainsi que ceux de l\u2019Etat qui ne sait plus sur quel pied danser, entre une situation \u00e9pid\u00e9miologique qui sort de tout contr\u00f4le et une campagne de vaccination qui pi\u00e9tine toujours.<\/p>\n<p>Il n\u2019est, donc, pas \u00e9tonnant que les pays du monde entier se sont mis d\u2019accord pour se pr\u00e9munir et de pr\u00e9munir leur population, de ces tunisiens qui refusent de se plier aux dispositions des protocoles sanitaires adopt\u00e9s par la communaut\u00e9 internationale.<\/p>\n<p>C\u2019est d\u2019autant plus dommage qu\u2019il y a, \u00e0 peine, un an, la sant\u00e9 tunisienne, alors entre les mains expertes de\u00a0 Sonia Ben Cheikh, \u00e9tait consid\u00e9r\u00e9e comme un cas d\u2019\u00e9cole et \u00e9tait prise pour exemple, dans la gestion de la pand\u00e9mie, par l\u2019OMS et les nations du Monde.<\/p>\n<p>A ce rythme, non seulement, les tunisiens seront bannis de la plupart des pays, mais le plus grave, c\u2019est que le pays sera class\u00e9 zone rouge, et pourra faire une croix sur la reprise du tourisme, et de retour des investisseurs.<\/p>\n<p>Continuons, donc, \u00e0 n\u2019en faire qu\u2019\u00e0 notre t\u00eate et \u00e0 d\u00e9fier le Monde\u00a0!<\/p>\n<div class=\"swp_social_panel swp_horizontal_panel swp_flat_fresh swp_default_full_color swp_individual_full_color swp_other_full_color scale-100 scale-\" data-min-width=\"1100\" data-float-color=\"#ffffff\" data-float=\"bottom\" data-float-mobile=\"bottom\" data-transition=\"slide\">\n<div class=\"nc_tweetContainer swp_share_button total_shares total_sharesalt\"><span class=\"swp_count\">0 <span class=\"swp_label\">Partages<\/span><\/span><\/div>\n<\/div>\n<p><strong>Que se passe-t-il en Tunisie?<\/strong><br \/>Nous expliquons sur notre <a href=\"https:\/\/www.youtube.com\/channel\/UCRzypVq0B_yBad5eGrwBx0Q?sub_confirmation=1\" target=\"_blank\" rel=\"noopener\">cha\u00eene YouTube<\/a> . <a href=\"https:\/\/www.youtube.com\/channel\/UCRzypVq0B_yBad5eGrwBx0Q?sub_confirmation=1\" target=\"_blank\" rel=\"noopener\">Abonnez-vous!<\/a><\/p>\n<div class=\"mvp-org-wrap\" itemprop=\"publisher\">\n<div class=\"mvp-org-logo\" itemprop=\"logo\"><img decoding=\"async\" src=\"https:\/\/www.tunisienumerique.com\/wp-content\/uploads\/2017\/02\/logo_tunisie_numerique.png\"\/><br \/>\n<meta itemprop=\"url\" content=\"https:\/\/www.tunisienumerique.com\/wp-content\/uploads\/2017\/02\/logo_tunisie_numerique.png\"\/><\/div>\n<p><meta content=\"Tunisie\"\/><\/div>\n<div class=\"mvp-related-posts left relative\">\n<h4 class=\"post-header\"><span class=\"post-header\">Lire aussi<\/span><\/h4>\n<\/div>\n<div id=\"article-ad\">\n <ins class=\"adsbygoogle c5\" data-ad-client=\"ca-pub-2102118777505746\" data-ad-slot=\"6513972734\" data-ad-format=\"auto\" data-full-width-responsive=\"true\"\/>\n<\/div>\n<\/div>\n<div id=\"post-sidebar-wrap\">\n <ins class=\"adsbygoogle c5\" data-ad-client=\"ca-pub-2102118777505746\" data-ad-slot=\"6168283410\" data-ad-format=\"auto\" data-full-width-responsive=\"true\"\/>\n<\/div>\n<p>Auteur: Ramsis<br \/>\n<a href=\"https:\/\/www.tunisienumerique.com\/la-tunisie-evitee-comme-la-peste-apres-la-gloire-de-lannee-derniere-ou-elle-etait-prise-pour-exemple\/\">Cliquez ici pour lire l&rsquo;article depuis sa source.<\/a><\/p>\n","protected":false},"excerpt":{"rendered":"<p>Par Ramsis \u00a0| Il y a 1 minute \ud83d\udd0a \u00c9coutez l&rsquo;article La plupart des pays du monde ont, derni\u00e8rement, pris des dispositions \u00e0 l\u2019encontre de la Tunisie et des tunisiens. Ces derniers sont, d\u00e9sormais, craints comme des pestif\u00e9r\u00e9s. Les pays ferment les uns apr\u00e8s les autres, leurs fronti\u00e8res devant les tunisiens, qui ont acquis la [&hellip;]<\/p>\n","protected":false},"author":1789,"featured_media":0,"comment_status":"closed","ping_status":"closed","sticky":false,"template":"","format":"standard","meta":{"fifu_image_url":"https:\/\/secure.gravatar.com\/avatar\/9f10b5e5a102bf8cc0ebfb84f5ab5652?s=50&d=mm&r=g","fifu_image_alt":"La Tunisie \u00e9vit\u00e9e comme la peste apr\u00e8s la gloire de l\u2019ann\u00e9e derni\u00e8re o\u00f9 elle \u00e9tait prise pour exemple","footnotes":""},"categories":[73,55],"tags":[],"class_list":["post-114921","post","type-post","status-publish","format-standard","hentry","category-actualite","category-tunisie"],"_links":{"self":[{"href":"https:\/\/linitiative.ca\/International\/wp-json\/wp\/v2\/posts\/114921","targetHints":{"allow":["GET"]}}],"collection":[{"href":"https:\/\/linitiative.ca\/International\/wp-json\/wp\/v2\/posts"}],"about":[{"href":"https:\/\/linitiative.ca\/International\/wp-json\/wp\/v2\/types\/post"}],"author":[{"embeddable":true,"href":"https:\/\/linitiative.ca\/International\/wp-json\/wp\/v2\/users\/1789"}],"replies":[{"embeddable":true,"href":"https:\/\/linitiative.ca\/International\/wp-json\/wp\/v2\/comments?post=114921"}],"version-history":[{"count":0,"href":"https:\/\/linitiative.ca\/International\/wp-json\/wp\/v2\/posts\/114921\/revisions"}],"wp:attachment":[{"href":"https:\/\/linitiative.ca\/International\/wp-json\/wp\/v2\/media?parent=114921"}],"wp:term":[{"taxonomy":"category","embeddable":true,"href":"https:\/\/linitiative.ca\/International\/wp-json\/wp\/v2\/categories?post=114921"},{"taxonomy":"post_tag","embeddable":true,"href":"https:\/\/linitiative.ca\/International\/wp-json\/wp\/v2\/tags?post=114921"}],"curies":[{"name":"wp","href":"https:\/\/api.w.org\/{rel}","templated":true}]}}