{"id":114923,"date":"2021-04-14T15:48:13","date_gmt":"2021-04-14T19:48:13","guid":{"rendered":"https:\/\/linitiative.ca\/International\/assassinat-du-dirigeant-de-la-cma\/"},"modified":"2021-04-14T15:48:13","modified_gmt":"2021-04-14T19:48:13","slug":"assassinat-du-dirigeant-de-la-cma","status":"publish","type":"post","link":"https:\/\/linitiative.ca\/International\/assassinat-du-dirigeant-de-la-cma\/","title":{"rendered":"ASSASSINAT DU DIRIGEANT DE LA CMA"},"content":{"rendered":"<p class=\"c4\"><em>Barbe foisonnante, la mine plut\u00f4t r\u00e9jouie, il savourait sans doute l\u2019instant solennel o\u00f9 il apposait sa signature au bas de l\u2019accord de paix inter-malien, au nom des rebelles de la Coordination des mouvements de l\u2019Azawad (CMA). C\u2019\u00e9tait le 20 juin 2015 \u00e0 Bamako.\u00a0 Sidi Brahim Ould Sidati, puisque c\u2019est de lui qu\u2019il s\u2019agit, pr\u00e9sident en exercice de la CMA et par ailleurs secr\u00e9taire g\u00e9n\u00e9ral du Mouvement arabe de l\u2019Azawad (MAA), n\u2019est malheureusement plus de ce monde.\u00a0 Il a succomb\u00e9 aux rafales assassines d\u2019individus arm\u00e9s qui avaient d\u00e9barqu\u00e9 devant son domicile bamakois, le 13 avril dernier, mus par l\u2019intention mal\u00e9fique de l\u2019envoyer ad patres.\u00a0 Qui a commis cette horreur\u00a0? Quels en sont les probables commanditaires\u00a0? Si on ne sait, pour l\u2019heure, rien des auteurs de ce crime \u2013 le saura-t-on d\u2019ailleurs jamais\u00a0? -on peut au moins \u00eatre s\u00fbr d\u2019une chose :\u00a0 cet acte odieux ne sert nullement la cause de l\u2019accord de paix d\u2019Alger qui se voit, pour ainsi dire, violemment agress\u00e9. N\u2019ayons pas peur des mots\u00a0; ceux qui ont commis l\u2019innommable sont des ennemis de la paix et doivent \u00eatre \u00a0trait\u00e9s comme tels. Les assassins qui courent toujours, r\u00e9pondront-ils un jour de leurs actes, comme le demande, du reste, aux autorit\u00e9s maliennes, la m\u00e9diation internationale dans la crise malienne, sous le choc ?\u00a0 Pour autant que celles-ci veuillent \u00e9lucider l\u2019affaire, elles auront certainement fort \u00e0 faire, tant en pareilles situations, l\u2019inextricable \u00e9cheveau des responsabilit\u00e9s et des complicit\u00e9s est difficile \u00e0 d\u00e9m\u00ealer. Mais, on croise les doigts.\u00a0 Rien n\u2019est impossible, en effet, si Bamako veut bien se donner les moyens de faire \u00e9clater la v\u00e9rit\u00e9.\u00a0<\/em><\/p>\n<p class=\"c4\"><em>\u00a0<\/em><\/p>\n<p class=\"c6\"><strong><em>On pourrait garder de Sidi Brahim Ould Sidati, l\u2019image d\u2019un homme qui aura contribu\u00e9 \u00e0 tracer les sillons de la paix en optant pour la n\u00e9gociation<\/em><\/strong><\/p>\n<p class=\"c6\"><strong><em>\u00a0<\/em><\/strong><\/p>\n<p class=\"c4\"><em>Cela dit, la th\u00e8se du r\u00e8glement de comptes n\u2019est pas \u00e0 \u00e9carter.\u00a0 D\u2019autant que le d\u00e9funt qui s\u2019affichait comme une personnalit\u00e9 du septentrion malien, n\u2019avait pas que des amis, particuli\u00e8rement \u00e0 Tombouctou, sa r\u00e9gion natale.\u00a0\u00a0<\/em> <em>Son statut de leader du MAA lui a, sans aucun doute, valu des jaloux et bien des ennemis. Et quid du nouveau d\u00e9coupage \u00e9lectoral qui aura exacerb\u00e9 les luttes d\u2019influences, et ce faisant, compliqu\u00e9, de son vivant, la t\u00e2che au leader d\u00e9funt ?\u00a0<\/em> <em>Par ailleurs, en signant l\u2019accord de paix, le 20 juin 2015 \u00e0 Bamako, Sidi Brahim Ould Sidati ne se faisait certainement pas d\u2019illusions sur les risques qu\u2019il prenait face aux groupes extr\u00e9mistes maliens\u00a0; lesquels n\u2019ont sans aucun doute pas dig\u00e9r\u00e9 ce qu\u2019ils ont pu consid\u00e9rer comme une inflexion du sieur Sidati vis-\u00e0-vis de Bamako. Une posture qu\u2019ils ont, somme toute, v\u00e9cue comme une trahison. En tout \u00e9tat de cause, on pourrait garder de Sidi Brahim Ould Sidati, l\u2019image d\u2019un homme qui aura contribu\u00e9 \u00e0 tracer les sillons de la paix en optant pour la n\u00e9gociation. Puisse sa mort servir de limon fertile, propice \u00e0 l\u2019\u00e9closion d\u2019une fraternit\u00e9 retrouv\u00e9e entre fr\u00e8res maliens. Ce serait \u00e9viter \u00e0 Sidi Brahim Ould Sidati de mourir doublement.<\/em><\/p>\n<p class=\"c4\"><em>\u00a0<\/em><\/p>\n<p class=\"c6\"><strong><em>CBS<\/em><\/strong><\/p>\n<p class=\"c4\"><em>\u00a0<\/em><\/p>\n<p>Auteur: Editions LEPAYS<br \/>\n<a href=\"https:\/\/lepays.bf\/assassinat-du-dirigeant-de-la-cma\/\">Cliquez ici pour lire l&rsquo;article depuis sa source.<\/a><\/p>\n","protected":false},"excerpt":{"rendered":"<p>Barbe foisonnante, la mine plut\u00f4t r\u00e9jouie, il savourait sans doute l\u2019instant solennel o\u00f9 il apposait sa signature au bas de l\u2019accord de paix inter-malien, au nom des rebelles de la Coordination des mouvements de l\u2019Azawad (CMA). C\u2019\u00e9tait le 20 juin 2015 \u00e0 Bamako.\u00a0 Sidi Brahim Ould Sidati, puisque c\u2019est de lui qu\u2019il s\u2019agit, pr\u00e9sident en [&hellip;]<\/p>\n","protected":false},"author":1813,"featured_media":0,"comment_status":"closed","ping_status":"closed","sticky":false,"template":"","format":"standard","meta":{"fifu_image_url":"","fifu_image_alt":"","footnotes":""},"categories":[73,81],"tags":[],"class_list":["post-114923","post","type-post","status-publish","format-standard","hentry","category-actualite","category-burkina-faso"],"_links":{"self":[{"href":"https:\/\/linitiative.ca\/International\/wp-json\/wp\/v2\/posts\/114923","targetHints":{"allow":["GET"]}}],"collection":[{"href":"https:\/\/linitiative.ca\/International\/wp-json\/wp\/v2\/posts"}],"about":[{"href":"https:\/\/linitiative.ca\/International\/wp-json\/wp\/v2\/types\/post"}],"author":[{"embeddable":true,"href":"https:\/\/linitiative.ca\/International\/wp-json\/wp\/v2\/users\/1813"}],"replies":[{"embeddable":true,"href":"https:\/\/linitiative.ca\/International\/wp-json\/wp\/v2\/comments?post=114923"}],"version-history":[{"count":0,"href":"https:\/\/linitiative.ca\/International\/wp-json\/wp\/v2\/posts\/114923\/revisions"}],"wp:attachment":[{"href":"https:\/\/linitiative.ca\/International\/wp-json\/wp\/v2\/media?parent=114923"}],"wp:term":[{"taxonomy":"category","embeddable":true,"href":"https:\/\/linitiative.ca\/International\/wp-json\/wp\/v2\/categories?post=114923"},{"taxonomy":"post_tag","embeddable":true,"href":"https:\/\/linitiative.ca\/International\/wp-json\/wp\/v2\/tags?post=114923"}],"curies":[{"name":"wp","href":"https:\/\/api.w.org\/{rel}","templated":true}]}}