{"id":114925,"date":"2021-04-14T16:17:24","date_gmt":"2021-04-14T20:17:24","guid":{"rendered":"https:\/\/linitiative.ca\/International\/reconciliation-nationale-les-cinq-maux-diagnostiques-par-zephrin-diabre\/"},"modified":"2021-04-14T16:17:24","modified_gmt":"2021-04-14T20:17:24","slug":"reconciliation-nationale-les-cinq-maux-diagnostiques-par-zephrin-diabre","status":"publish","type":"post","link":"https:\/\/linitiative.ca\/International\/reconciliation-nationale-les-cinq-maux-diagnostiques-par-zephrin-diabre\/","title":{"rendered":"R\u00e9conciliation nationale : les cinq maux diagnostiqu\u00e9s  par Z\u00e9phrin Diabr\u00e9"},"content":{"rendered":"<div class=\"td-post-featured-image\"><a href=\"https:\/\/www.sidwaya.info\/wp-content\/uploads\/2021\/04\/1-42.jpg\" data-caption=\"\"><img loading=\"lazy\" decoding=\"async\" width=\"595\" height=\"397\" class=\"entry-thumb td-modal-image\" src=\"https:\/\/www.sidwaya.info\/wp-content\/uploads\/2021\/04\/1-42.jpg\" srcset=\"https:\/\/www.sidwaya.info\/wp-content\/uploads\/2021\/04\/1-42.jpg 595w, https:\/\/www.sidwaya.info\/wp-content\/uploads\/2021\/04\/1-42-300x200.jpg 300w, https:\/\/www.sidwaya.info\/wp-content\/uploads\/2021\/04\/1-42-150x100.jpg 150w\" sizes=\"auto, (max-width: 595px) 100vw, 595px\" alt=\"\" title=\"1\"\/><\/a><\/div>\n<p><strong>Nomm\u00e9 ministre d\u2019Etat aupr\u00e8s du pr\u00e9sident du Faso, charg\u00e9 de la r\u00e9conciliation nationale et de la coh\u00e9sion sociale, le 10 janvier 2021, Z\u00e9phirin Diabr\u00e9 a embrass\u00e9 ses responsabilit\u00e9s \u00e0 travers une s\u00e9rie de rencontres des diff\u00e9rentes composantes de la soci\u00e9t\u00e9 civile. Le 4 mars 2021, il avait, au cours d\u2019une conf\u00e9rence de presse, d\u00e9clin\u00e9 les cinq maux qui pourraient \u00eatre pris en compte dans le processus.<\/strong><\/p>\n<p>Depuis la formation du premier gouvernement du second quinquennat du pr\u00e9sident du Faso, le ministre d\u2019Etat aupr\u00e8s du pr\u00e9sident du Faso, charg\u00e9 de la r\u00e9conciliation nationale et de la coh\u00e9sion sociale, Z\u00e9phirin Diabr\u00e9, est apparu comme celui qui a le plus multipli\u00e9 les actions dans son d\u00e9partement. D\u00e8s les premiers moments de sa prise de fonction, il a pris son b\u00e2ton de p\u00e8lerin pour aller \u00e0 la rencontre des diff\u00e9rentes composantes de la soci\u00e9t\u00e9 burkinab\u00e8 pour expliquer le chantier de la r\u00e9conciliation nationale et recueillir des conseils. Des leaders coutumiers et religieux aux anciens chefs d\u2019Etat en passant par les associations de victimes et autres, il n\u2019aura laiss\u00e9 personne en marge de ses consultations. Avant que la feuille de route de la r\u00e9conciliation nationale ne soit effective, le ministre Diabr\u00e9 s\u2019\u00e9tait adress\u00e9 aux hommes de m\u00e9dias pour donner une lecture de son champ d\u2019actions, le 4 mars dernier.<\/p>\n<p>\u00ab\u00a0La question de la r\u00e9conciliation nationale, qui est devenue de nos jours une grande priorit\u00e9 du Pr\u00e9sident Kabor\u00e9, tire sa justification dans un pass\u00e9 lointain de l\u2019histoire du pays, mais aussi dans une actualit\u00e9 r\u00e9cente marqu\u00e9e par des crimes, de violations de droits, de conflits divers, de ressentiments d\u2019injustice et de frustrations qui ont oppos\u00e9 des Burkinab\u00e8 \u00e0 d\u2019autres Burkinab\u00e9 ou \u00e0 l\u2019Etat\u00a0\u00bb, avait-il d\u00e9clar\u00e9. Il avait indiqu\u00e9 que le chantier de la r\u00e9conciliation nationale au Burkina Faso s\u2019articulait autour des cinq probl\u00e8mes. Les premiers maux, d\u2019ordre politique, avait-il dit, sont relatifs \u00e0 la conqu\u00eate du pouvoir ou \u00e0 sa gestion qui ont engendr\u00e9 des crimes de sang, des atteintes \u00e0 l\u2019int\u00e9grit\u00e9 physique, des destructions de biens d\u2019autrui. \u00ab\u00a0Sont issus de cette situation, les dossiers embl\u00e9matiques (Thomas Sankara, Norbert Zongo) et les dossiers des crimes autour des diff\u00e9rents coups d\u2019Etat que notre pays a v\u00e9cus, des \u00e9pisodes sanglants sous le CNR ou le Front populaire, de l\u2019insurrection populaire de 2014 et du coup d\u2019Etat de 2015, entre autres\u00a0\u00bb, avait d\u00e9taill\u00e9 le ministre d\u2019Etat charg\u00e9 de la r\u00e9conciliation nationale. Dans cette cat\u00e9gorie, avait-il pr\u00e9cis\u00e9, le HCRUN a re\u00e7u 145 dossiers de crimes de sang, 106 cas d\u2019atteinte \u00e0 l\u2019int\u00e9grit\u00e9 physique.<\/p>\n<p><strong>\u00ab\u00a0Situation d\u2019exil politique\u00a0\u00bb<\/strong><\/p>\n<p>\u00ab\u00a0Les destructions des biens des citoyens pendant l\u2019insurrection sont \u00e0 reverser dans cette cat\u00e9gorie. Ces \u00e9pisodes politiques ont aussi engendr\u00e9 des situations d\u2019exil politique, dont celui de deux anciens chefs d\u2019Etat\u00a0\u00bb, avait ajout\u00e9 Z\u00e9phirin Diabr\u00e9. Le deuxi\u00e8me type de maux se recrute dans les diff\u00e9rents conflits communautaires qui ont endeuill\u00e9 des familles burkinab\u00e8. Dans cette cat\u00e9gorie, neuf types de conflits allant du statut de la terre aux appartenances communautaires ont \u00e9t\u00e9 r\u00e9pertori\u00e9s. \u00ab\u00a0Une enqu\u00eate de minist\u00e8re de la Justice et des Droits humains en 2018 d\u00e9nombrait 1321 conflits agro pastoraux, 169 conflits de chefferie coutumi\u00e8re, 1671 conflits fonciers, 33 conflits inter ou intra religieux; 41 conflits exploitants miniers\/population ; 67 conflits politiques locaux. Ces conflits communautaires posent de graves probl\u00e8mes de r\u00e9conciliation qui, s\u2019ils ne sont pas r\u00e9solus, vont continuer \u00e0 miner notre coh\u00e9sion \u00e0 la base, donc \u00e0 d\u00e9truire les fondements de notre nation par le bas\u00a0\u00bb, avait \u00e9num\u00e9r\u00e9 le conf\u00e9rencier. Le troisi\u00e8me probl\u00e8me qui invite \u00e0 une r\u00e9conciliation est inh\u00e9rent au terrorisme qui, selon Z\u00e9phirin Diabr\u00e9, \u00ab\u00a0a entrain\u00e9 une communautarisation de la s\u00e9curit\u00e9 et s\u2019est traduite parfois par des conflits entre groupes d\u2019autod\u00e9fense\u00a0\u00bb. Le quatri\u00e8me probl\u00e8me est \u00e0 rechercher dans les conflits entre l\u2019Etat et ses administr\u00e9s. \u00ab\u00a0La gestion des carri\u00e8res individuelles ou la mise en \u0153uvre de certaines r\u00e9formes, ont engendr\u00e9 des frustrations et des m\u00e9contentements chez des individus ou des groupes d\u2019individus. Sur les 5600 dossiers revers\u00e9s au HCRUN, plus de 4800 dossiers concernent ce volet de la r\u00e9conciliation et portent sur des brisements de carri\u00e8res, des refus d\u2019avantages dus, des licenciements abusifs individuels et collectifs, des r\u00e8glements judiciaires non sold\u00e9s \u00bb, avait relat\u00e9 le ministre d\u2019Etat.<\/p>\n<p><strong>Une strat\u00e9gie nationale<\/strong><\/p>\n<p>Le cinqui\u00e8me probl\u00e8me qui n\u00e9cessite une r\u00e9conciliation se rapporte \u00e0 un ressenti de la gouvernance globale de l\u2019Etat, notamment dans ses dimensions de gestion du d\u00e9veloppement et d\u2019administration de la justice. \u00ab\u00a0Contrairement donc \u00e0 la situation de certains pays, le Burkina n\u2019a pas un probl\u00e8me de r\u00e9conciliation, mais plusieurs probl\u00e8mes de r\u00e9conciliation qui touchent tous les aspects de notre vie en commun\u00a0\u00bb, avait-il soulign\u00e9 lors de sa conf\u00e9rence de presse. Comment mettre en \u0153uvre le processus de r\u00e9conciliation nationale\u00a0?<\/p>\n<p>Le ministre d\u2019Etat charg\u00e9 de la r\u00e9conciliation nationale avait \u00e9voqu\u00e9 la mise en \u0153uvre de la Strat\u00e9gie nationale de r\u00e9conciliation (\u00e0 \u00e9crire), la Strat\u00e9gie nationale de coh\u00e9sion sociale (d\u00e9j\u00e0 amorc\u00e9e), et celle nationale de lutte contre l\u2019extr\u00e9misme violent (\u00e9galement amorc\u00e9e).<\/p>\n<p>Pour les actions urgentes \u00e0 entreprendre, il avait cit\u00e9, entre autres, la n\u00e9cessit\u00e9 de travailler \u00e0 cr\u00e9er un large consensus national sur la r\u00e9conciliation et la vision et la d\u00e9marche du gouvernement, de faire le bilan de l\u2019action du HCRUN pour \u00e9tablir les avanc\u00e9es et les dossiers en souffrance et d\u00e9cider des voies et moyens d\u2019acc\u00e9l\u00e9rer leur traitement et d\u2019organiser des concertations d\u00e9centralis\u00e9es (soit r\u00e9gionales, soit provinciales, soit communales soit le tout \u00e0 la fois) pour continuer le recensement des probl\u00e8mes\u2026<\/p>\n<p class=\"c1\"><strong>Une synth\u00e8se de Karim BADOL<\/strong>O<\/p>\n<div class=\"td-a-rec td-a-rec-id-content_bottom tdi_33_5fc td_block_template_1\">\n<p><img loading=\"lazy\" decoding=\"async\" class=\"aligncenter size-full wp-image-27454\" src=\"https:\/\/www.sidwaya.info\/wp-content\/uploads\/2020\/10\/PUB-Bandeau-paiement-mobile-siteweb.jpg\" alt=\"\" width=\"728\" height=\"90\"\/><\/div>\n<p>Auteur: BM. Sidwaya<br \/>\n<a href=\"https:\/\/www.sidwaya.info\/blog\/2021\/04\/14\/reconciliation-nationale-les-cinq-maux-diagnostiques-par-zephrin-diabre\/\">Cliquez ici pour lire l&rsquo;article depuis sa source.<\/a><\/p>\n","protected":false},"excerpt":{"rendered":"<p>Nomm\u00e9 ministre d\u2019Etat aupr\u00e8s du pr\u00e9sident du Faso, charg\u00e9 de la r\u00e9conciliation nationale et de la coh\u00e9sion sociale, le 10 janvier 2021, Z\u00e9phirin Diabr\u00e9 a embrass\u00e9 ses responsabilit\u00e9s \u00e0 travers une s\u00e9rie de rencontres des diff\u00e9rentes composantes de la soci\u00e9t\u00e9 civile. Le 4 mars 2021, il avait, au cours d\u2019une conf\u00e9rence de presse, d\u00e9clin\u00e9 les [&hellip;]<\/p>\n","protected":false},"author":1816,"featured_media":0,"comment_status":"closed","ping_status":"closed","sticky":false,"template":"","format":"standard","meta":{"fifu_image_url":"https:\/\/www.sidwaya.info\/wp-content\/uploads\/2021\/04\/1-42.jpg","fifu_image_alt":"R\u00e9conciliation nationale : les cinq maux diagnostiqu\u00e9s  par Z\u00e9phrin Diabr\u00e9","footnotes":""},"categories":[73,81],"tags":[],"class_list":["post-114925","post","type-post","status-publish","format-standard","hentry","category-actualite","category-burkina-faso"],"_links":{"self":[{"href":"https:\/\/linitiative.ca\/International\/wp-json\/wp\/v2\/posts\/114925","targetHints":{"allow":["GET"]}}],"collection":[{"href":"https:\/\/linitiative.ca\/International\/wp-json\/wp\/v2\/posts"}],"about":[{"href":"https:\/\/linitiative.ca\/International\/wp-json\/wp\/v2\/types\/post"}],"author":[{"embeddable":true,"href":"https:\/\/linitiative.ca\/International\/wp-json\/wp\/v2\/users\/1816"}],"replies":[{"embeddable":true,"href":"https:\/\/linitiative.ca\/International\/wp-json\/wp\/v2\/comments?post=114925"}],"version-history":[{"count":0,"href":"https:\/\/linitiative.ca\/International\/wp-json\/wp\/v2\/posts\/114925\/revisions"}],"wp:attachment":[{"href":"https:\/\/linitiative.ca\/International\/wp-json\/wp\/v2\/media?parent=114925"}],"wp:term":[{"taxonomy":"category","embeddable":true,"href":"https:\/\/linitiative.ca\/International\/wp-json\/wp\/v2\/categories?post=114925"},{"taxonomy":"post_tag","embeddable":true,"href":"https:\/\/linitiative.ca\/International\/wp-json\/wp\/v2\/tags?post=114925"}],"curies":[{"name":"wp","href":"https:\/\/api.w.org\/{rel}","templated":true}]}}