{"id":114928,"date":"2021-04-14T17:04:01","date_gmt":"2021-04-14T21:04:01","guid":{"rendered":"https:\/\/linitiative.ca\/International\/benin-les-defis-dune-reelection\/"},"modified":"2021-04-14T17:04:01","modified_gmt":"2021-04-14T21:04:01","slug":"benin-les-defis-dune-reelection","status":"publish","type":"post","link":"https:\/\/linitiative.ca\/International\/benin-les-defis-dune-reelection\/","title":{"rendered":"B\u00e9nin\u00a0: les d\u00e9fis d\u2019une r\u00e9\u00e9lection"},"content":{"rendered":"<div class=\"td-post-featured-image\"><a href=\"https:\/\/www.sidwaya.info\/wp-content\/uploads\/2021\/03\/regard01.jpg\" data-caption=\"\"><img loading=\"lazy\" decoding=\"async\" width=\"489\" height=\"295\" class=\"entry-thumb td-modal-image\" src=\"https:\/\/www.sidwaya.info\/wp-content\/uploads\/2021\/03\/regard01.jpg\" srcset=\"https:\/\/www.sidwaya.info\/wp-content\/uploads\/2021\/03\/regard01.jpg 489w, https:\/\/www.sidwaya.info\/wp-content\/uploads\/2021\/03\/regard01-300x181.jpg 300w, https:\/\/www.sidwaya.info\/wp-content\/uploads\/2021\/03\/regard01-150x90.jpg 150w\" sizes=\"auto, (max-width: 489px) 100vw, 489px\" alt=\"\" title=\"regard01\"\/><\/a><\/div>\n<p>Comme il fallait s\u2019y attendre, le Pr\u00e9sident sortant du B\u00e9nin, Patrice Talon, va rempiler pour un second mandat de cinq ans, \u00e0 la t\u00eate du pays. Il a \u00e9t\u00e9 r\u00e9\u00e9lu, d\u00e8s le premier tour de la pr\u00e9sidentielle, selon les r\u00e9sultats provisoires du scrutin du 11 avril dernier. Ceux-ci ont \u00e9t\u00e9 publi\u00e9s, le mardi 13 avril dernier, par la Commission \u00e9lectorale nationale, et il l\u2019emporte avec 86,37% des suffrages exprim\u00e9s. Alors que ses partisans savourent sa victoire, d\u2019aucuns estiment que celui qui avait promis de \u00ab r\u00e9volutionner la politique \u00bb s\u2019est vite mu\u00e9 en autocrate, au grand dam de nombre d\u2019observateurs. En effet, cet homme d\u2019affaires, arriv\u00e9 \u00e0 la magistrature supr\u00eame du pays en 2016, en jurant de ne faire qu\u2019un seul mandat, a fini, contre toute attente, \u00e0 \u00eatre \u00ab subjugu\u00e9 par le pouvoir \u00bb.<\/p>\n<p>Ce qui l\u2019a amen\u00e9 \u00e0 adopter des attitudes peu orthodoxes au d\u00e9triment de la stabilit\u00e9 du pays.<br \/>Ce n\u2019est pas trop de le dire, le pr\u00e9sident Talon avait tout mis en \u0153uvre pour garantir sa r\u00e9\u00e9lection, en \u00e9cartant tous les poids lourds de l\u2019opposition de la course \u00e0 la pr\u00e9sidentielle. Toute chose qui, par voie de cons\u00e9quence, a occasionn\u00e9 des turbulences lors de la campagne \u00e9lectorale, faisant conna\u00eetre au B\u00e9nin un recul d\u00e9mocratique, sans commune mesure. Dans nos pays en d\u00e9veloppement, avec ce qu\u2019il y a comme facteur inhibiteur, le tout n\u2019est pas de gagner une \u00e9lection. Car, cette victoire, m\u00eame si elle n\u2019est pas encore vertement contest\u00e9e, est loin de servir la d\u00e9mocratie pour laquelle le pays \u00e9tait tenu pour label. Ce, gr\u00e2ce notamment \u00e0 des institutions qui, nagu\u00e8re garantissaient un contre-pouvoir d\u00e9mocratique au service de son peuple.<\/p>\n<p>De tout ce qui pr\u00e9c\u00e8de, l\u2019on peut donc d\u00e9j\u00e0 s\u2019interroger, \u00e0 juste titre, sur les d\u00e9fis futurs du pr\u00e9sident r\u00e9\u00e9lu. Comment redonner au B\u00e9nin sa qui\u00e9tude d\u2019antan et le remettre sur la voie de la d\u00e9mocratie ? En tout cas, la solution est loin de se trouver dans la violence inou\u00efe des populations qui ont d\u00e9vers\u00e9 leur trop-plein de frustrations, encore moins dans la r\u00e9pression aveugle dont font preuve Patrice Talon et ses sbires. A y voir de pr\u00e8s, la t\u00e2che ne sera pas facile pour cet ancien magnat du coton qui aura, malheureusement, \u00e9t\u00e9 sans piti\u00e9 pour ses adversaires politiques. Rappelons-le, les principales figures de l\u2019opposition ont \u00e9t\u00e9 contraints \u00e0 l\u2019exil, soit jet\u00e9es en prison ou s emp\u00each\u00e9es de se pr\u00e9senter du fait du nouveau Code \u00e9lectoral et de la r\u00e9forme institutionnelle. Le malaise est profond et les d\u00e9c\u00e8s enregistr\u00e9s et autres bless\u00e9s, qui ont pr\u00e9c\u00e9d\u00e9 cette \u00e9lection, illustrent \u00e0 suffisance cette r\u00e9alit\u00e9.<\/p>\n<p>Autant dire, les b\u00e9ninois sont plus que jamais divis\u00e9s n\u00e9cessitant, de la part du pr\u00e9sident r\u00e9\u00e9lu, une nouvelle dynamique de gouvernance afin de redorer le blason du pays sur l\u2019\u00e9chiquier international. Et, disons-le, cela devrait \u00eatre le premier challenge du pr\u00e9sident Talon. Il ne doit pas se faire prier pour cela. Du reste, parvenir \u00e0 panser les plaies, reconqu\u00e9rir la confiance de l\u2019ensemble de la population et r\u00e9ussir \u00e0 r\u00e9unir le peuple divis\u00e9 autour d\u2019un id\u00e9al commun devra \u00eatre son leitmotiv, d\u00e8s les premiers moments de son second quinquennat. Bien plus, une telle d\u00e9marche offrira l\u2019avantage certain de consolider les acquis de sa gouvernance pour plus d\u2019actions au profit des populations.<br \/>Ainsi, plut\u00f4t que de garder les ranc\u0153urs et la hargne vengeresse, tous les acteurs de la sc\u00e8ne politique b\u00e9ninoise devront, autant que faire ce peut, savoir raison garder et ne voir que l\u2019avenir du pays pour sa post\u00e9rit\u00e9. Dans cette dynamique, il serait judicieux que le locataire du palais de la Marina et ses sbires fassent diligence en mettant en place un m\u00e9canisme afin de colmater la facture sociale. De son c\u00f4t\u00e9, la classe politique dans toute son enti\u00e8ret\u00e9, gagnerait, elle, \u00e0 tirer les le\u00e7ons de cette \u00e9lection qui aura mis \u00e0 mal la coh\u00e9sion sociale du pays aux fins de donner plus de chance \u00e0 son \u00e9lan de d\u00e9veloppement et le hisser dans le concert des nations.<\/p>\n<p class=\"c1\"><strong>Souma\u00efla BONKOUNGOU<\/strong><\/p>\n<div class=\"td-a-rec td-a-rec-id-content_bottom tdi_33_777 td_block_template_1\">\n<p><img loading=\"lazy\" decoding=\"async\" class=\"aligncenter size-full wp-image-27454\" src=\"https:\/\/www.sidwaya.info\/wp-content\/uploads\/2020\/10\/PUB-Bandeau-paiement-mobile-siteweb.jpg\" alt=\"\" width=\"728\" height=\"90\"\/><\/div>\n<p>Auteur: BM. Sidwaya<br \/>\n<a href=\"https:\/\/www.sidwaya.info\/blog\/2021\/04\/14\/benin-les-defis-dune-reelection\/\">Cliquez ici pour lire l&rsquo;article depuis sa source.<\/a><\/p>\n","protected":false},"excerpt":{"rendered":"<p>Comme il fallait s\u2019y attendre, le Pr\u00e9sident sortant du B\u00e9nin, Patrice Talon, va rempiler pour un second mandat de cinq ans, \u00e0 la t\u00eate du pays. Il a \u00e9t\u00e9 r\u00e9\u00e9lu, d\u00e8s le premier tour de la pr\u00e9sidentielle, selon les r\u00e9sultats provisoires du scrutin du 11 avril dernier. Ceux-ci ont \u00e9t\u00e9 publi\u00e9s, le mardi 13 avril [&hellip;]<\/p>\n","protected":false},"author":1816,"featured_media":0,"comment_status":"closed","ping_status":"closed","sticky":false,"template":"","format":"standard","meta":{"fifu_image_url":"https:\/\/www.sidwaya.info\/wp-content\/uploads\/2021\/03\/regard01.jpg","fifu_image_alt":"B\u00e9nin\u00a0: les d\u00e9fis d\u2019une r\u00e9\u00e9lection","footnotes":""},"categories":[73,81],"tags":[],"class_list":["post-114928","post","type-post","status-publish","format-standard","hentry","category-actualite","category-burkina-faso"],"_links":{"self":[{"href":"https:\/\/linitiative.ca\/International\/wp-json\/wp\/v2\/posts\/114928","targetHints":{"allow":["GET"]}}],"collection":[{"href":"https:\/\/linitiative.ca\/International\/wp-json\/wp\/v2\/posts"}],"about":[{"href":"https:\/\/linitiative.ca\/International\/wp-json\/wp\/v2\/types\/post"}],"author":[{"embeddable":true,"href":"https:\/\/linitiative.ca\/International\/wp-json\/wp\/v2\/users\/1816"}],"replies":[{"embeddable":true,"href":"https:\/\/linitiative.ca\/International\/wp-json\/wp\/v2\/comments?post=114928"}],"version-history":[{"count":0,"href":"https:\/\/linitiative.ca\/International\/wp-json\/wp\/v2\/posts\/114928\/revisions"}],"wp:attachment":[{"href":"https:\/\/linitiative.ca\/International\/wp-json\/wp\/v2\/media?parent=114928"}],"wp:term":[{"taxonomy":"category","embeddable":true,"href":"https:\/\/linitiative.ca\/International\/wp-json\/wp\/v2\/categories?post=114928"},{"taxonomy":"post_tag","embeddable":true,"href":"https:\/\/linitiative.ca\/International\/wp-json\/wp\/v2\/tags?post=114928"}],"curies":[{"name":"wp","href":"https:\/\/api.w.org\/{rel}","templated":true}]}}