{"id":114930,"date":"2021-04-14T11:18:02","date_gmt":"2021-04-14T15:18:02","guid":{"rendered":"https:\/\/linitiative.ca\/International\/rdc-le-nouveau-gouvernement-suscite-inquietude-et-espoir\/"},"modified":"2021-04-14T11:18:02","modified_gmt":"2021-04-14T15:18:02","slug":"rdc-le-nouveau-gouvernement-suscite-inquietude-et-espoir","status":"publish","type":"post","link":"https:\/\/linitiative.ca\/International\/rdc-le-nouveau-gouvernement-suscite-inquietude-et-espoir\/","title":{"rendered":"RDC : le nouveau gouvernement suscite inqui\u00e9tude et espoir"},"content":{"rendered":"<div readability=\"32\">\n<p>Publi\u00e9 le 14.04.2021 \u00e0 16h18 par APA News<\/p>\n<\/div>\n<div readability=\"100\">\n<p>Le pr\u00e9sident F\u00e9lix Tshisekedi a mis du temps \u00e0 mettre en place son nouveau gouvernement. Dans un entretien avec APA, son compatriote Ivan Vangu Ngimbi, enseignant \u00e0 la Facult\u00e9 des Sciences Sociales, Politiques et Administratives de l\u2019Universit\u00e9 de Kinshasa, d\u00e9crypte la situation.Le pr\u00e9sident Tshisekedi a attendu presque deux mois apr\u00e8s la nomination du Premier ministre Sama Lukonde Kyenge pour former un nouveau gouvernement. Comment l\u2019expliquez-vous ?<\/p>\n<p>Plusieurs facteurs peuvent justifier ce retard qui \u00e9tait devenu une longue attente pour les Congolais. Il y a d\u2019abord la relative facilit\u00e9 avec laquelle le pr\u00e9sident a fait main basse sur la majorit\u00e9 parlementaire de son pr\u00e9d\u00e9cesseur (Joseph Kabila). Elle est amplifi\u00e9e par ailleurs par l\u2019ADN de la classe politique congolaise dont la transhumance et l\u2019inconstance sont presque une seconde nature. Ce basculement de la majorit\u00e9 a compliqu\u00e9 la donne dans les arbitrages puisque les transfuges sont arriv\u00e9s avec des agendas cach\u00e9s culminant par la qu\u00eate des postes.<\/p>\n<p>La n\u00e9cessit\u00e9 de renouvellement de la classe politique dict\u00e9e par la pression populaire avec pour cons\u00e9quence la mise hors-jeu des caciques, souvent patrons des partis politiques qui s\u2019estiment candidats de droit aux postes minist\u00e9riels, peut \u00e9galement expliquer ce retard. Le m\u00eame constat peut \u00eatre fait avec les ambitions professionnelles individuelles dans le contexte sociopolitique congolais o\u00f9 depuis plus de trois d\u00e9cennies, seule la politique est devenue l\u2019activit\u00e9 lucrative par excellence et le motif id\u00e9al d\u2019enrichissement rapide sans cause.<\/p>\n<p>A lire aussi: RD Congo : un nouveau gouvernement mis sur pied<\/p>\n<p>Le troisi\u00e8me point d\u2019analyse est le manque d\u2019assise politique du Premier ministre ballott\u00e9 entre plusieurs centres de d\u00e9cisions combin\u00e9s \u00e0 la volont\u00e9 d\u00e9lib\u00e9r\u00e9e du pr\u00e9sident d\u2019avoir un gouvernement sous contr\u00f4le, sans omettre l\u2019influence souterraine de la Premi\u00e8re dame qui exigeait un quota significatif de femmes. Tous ces facteurs ont pes\u00e9 lourdement et justifient ce retard qui a d\u00e9clench\u00e9 une impatience l\u00e9gitime de la population congolaise confront\u00e9e \u00e0 un sentiment de vide \u00e9tatique.<\/p>\n<p>Ce gouvernement dit de l\u2019\u00ab Union sacr\u00e9e\u00bb est compos\u00e9 de 57 membres, soit dix de moins que la pr\u00e9c\u00e9dente \u00e9quipe. Qu\u2019est-ce qui fait sa particularit\u00e9 ?<\/p>\n<p>La grande particularit\u00e9 de ce gouvernement, c\u2019est le rajeunissement et le renouvellement des figures qui font pour la grande majorit\u00e9 leurs d\u00e9buts dans les fonctions minist\u00e9rielles. A cela s\u2019ajoute le nombre non n\u00e9gligeable des femmes dont le taux approche les 30 %. Une premi\u00e8re depuis tr\u00e8s longtemps.<\/p>\n<p>Mais avec un tel nombre de ministres, pensez-vous que l\u2019efficacit\u00e9 gouvernementale sera au rendez-vous \u00e0 deux ans de la pr\u00e9sidentielle ?<\/p>\n<p>Personne ne peut pr\u00e9dire, au stade actuel, les chances de r\u00e9ussite de ce gouvernement en raison \u00e0 la fois du contexte politique (\u00e9clat\u00e9) susceptible de conna\u00eetre des r\u00e9pliques comme dans chaque \u00e9pisode de tremblement de terre. Au plan \u00e9conomique, les caisses sont vides. Socialement, les attentes des populations sont nombreuses sans oublier les cons\u00e9quences induites par la pand\u00e9mie de Covid-19. Quelqu\u2019un a dit \u00e0 juste titre que m\u00eame les profils des ministres ne nous int\u00e9ressent plus, seuls compteront d\u00e9sormais les r\u00e9sultats. C\u2019est dire que pour le commun des Congolais, \u00e7a balance entre l\u2019espoir et l\u2019inqui\u00e9tude. Au gouvernement de lever l\u2019\u00e9quivoque gr\u00e2ce aux r\u00e9sultats escompt\u00e9s.<\/p>\n<p>Quelles seront les priorit\u00e9s du nouveau gouvernement ?<\/p>\n<p>\u00c7a peut faire sourire mais tout est priorit\u00e9. Mais plus s\u00e9rieusement, les questions s\u00e9curitaires, \u00e9conomiques et sociales vont \u00eatre au premier plan. La situation reste explosive \u00e0 l\u2019Est du pays et le gouvernement doit r\u00e9tablir l\u2019autorit\u00e9 de l\u2019Etat. Par ailleurs, il y a un besoin de reconsolider l\u2019unit\u00e9 nationale malmen\u00e9e par des assauts de tribalisme et de s\u00e9paratisme. Les caisses sont vides en m\u00eame temps que le pouvoir d\u2019achat a terriblement d\u00e9viss\u00e9. La production industrielle est au plus bas, les infrastructures notamment routi\u00e8res sont dans un \u00e9tat piteux, les syst\u00e8mes sanitaire et \u00e9ducatif sont m\u00e9diocres etc. Bref, il y a du pain sur la planche et pour que les r\u00e9sultats en termes d\u2019am\u00e9lioration soient palpables, il faudra plus que deux ans. Ce qui nous ram\u00e8nera d\u00e9j\u00e0 \u00e0 2023, ann\u00e9e de fin de mandat pour l\u2019actuel locataire du Palais de la Nation.<\/p>\n<\/div>\n<p>Auteur: APA News<br \/>\n<a href=\"https:\/\/www.journalducameroun.com\/rdc-le-nouveau-gouvernement-suscite-inquietude-et-espoir\/\">Cliquez ici pour lire l&rsquo;article depuis sa source.<\/a><\/p>\n","protected":false},"excerpt":{"rendered":"<p>Publi\u00e9 le 14.04.2021 \u00e0 16h18 par APA News Le pr\u00e9sident F\u00e9lix Tshisekedi a mis du temps \u00e0 mettre en place son nouveau gouvernement. Dans un entretien avec APA, son compatriote Ivan Vangu Ngimbi, enseignant \u00e0 la Facult\u00e9 des Sciences Sociales, Politiques et Administratives de l\u2019Universit\u00e9 de Kinshasa, d\u00e9crypte la situation.Le pr\u00e9sident Tshisekedi a attendu presque [&hellip;]<\/p>\n","protected":false},"author":1965,"featured_media":0,"comment_status":"closed","ping_status":"closed","sticky":false,"template":"","format":"standard","meta":{"fifu_image_url":"","fifu_image_alt":"","footnotes":""},"categories":[73,82],"tags":[],"class_list":["post-114930","post","type-post","status-publish","format-standard","hentry","category-actualite","category-cameroun"],"_links":{"self":[{"href":"https:\/\/linitiative.ca\/International\/wp-json\/wp\/v2\/posts\/114930","targetHints":{"allow":["GET"]}}],"collection":[{"href":"https:\/\/linitiative.ca\/International\/wp-json\/wp\/v2\/posts"}],"about":[{"href":"https:\/\/linitiative.ca\/International\/wp-json\/wp\/v2\/types\/post"}],"author":[{"embeddable":true,"href":"https:\/\/linitiative.ca\/International\/wp-json\/wp\/v2\/users\/1965"}],"replies":[{"embeddable":true,"href":"https:\/\/linitiative.ca\/International\/wp-json\/wp\/v2\/comments?post=114930"}],"version-history":[{"count":0,"href":"https:\/\/linitiative.ca\/International\/wp-json\/wp\/v2\/posts\/114930\/revisions"}],"wp:attachment":[{"href":"https:\/\/linitiative.ca\/International\/wp-json\/wp\/v2\/media?parent=114930"}],"wp:term":[{"taxonomy":"category","embeddable":true,"href":"https:\/\/linitiative.ca\/International\/wp-json\/wp\/v2\/categories?post=114930"},{"taxonomy":"post_tag","embeddable":true,"href":"https:\/\/linitiative.ca\/International\/wp-json\/wp\/v2\/tags?post=114930"}],"curies":[{"name":"wp","href":"https:\/\/api.w.org\/{rel}","templated":true}]}}