{"id":114931,"date":"2021-04-14T13:18:02","date_gmt":"2021-04-14T17:18:02","guid":{"rendered":"https:\/\/linitiative.ca\/International\/covid-19-pretoria-suspend-le-vaccin-johnson-johnson\/"},"modified":"2021-04-14T13:18:02","modified_gmt":"2021-04-14T17:18:02","slug":"covid-19-pretoria-suspend-le-vaccin-johnson-johnson","status":"publish","type":"post","link":"https:\/\/linitiative.ca\/International\/covid-19-pretoria-suspend-le-vaccin-johnson-johnson\/","title":{"rendered":"Covid-19 : Pretoria suspend le vaccin Johnson &amp; Johnson"},"content":{"rendered":"<div readability=\"32\">\n<p>Publi\u00e9 le 14.04.2021 \u00e0 18h18 par APA News<\/p>\n<\/div>\n<div readability=\"80\">\n<p>La d\u00e9cision a \u00e9t\u00e9 prise apr\u00e8s la d\u00e9couverte de caillots sanguins chez six personnes vaccin\u00e9es aux \u00c9tats-Unis.L\u2019Afrique du Sud a suspendu temporairement l\u2019utilisation du vaccin contre le coronavirus Johnson &amp; Johnson, a confirm\u00e9 ce mercredi le ministre de la Sant\u00e9, Zweli Mkhize.<br \/>M. Mkhize a d\u00e9clar\u00e9 que le pays avait suspendu l\u2019utilisation du vaccin pendant que les autorit\u00e9s de r\u00e9glementation enqu\u00eataient sur un lien possible entre le vaccin et un type rare de coagulation sanguine d\u00e9couvert dans le cerveau des six Am\u00e9ricaines, dont l\u2019une serait d\u00e9c\u00e9d\u00e9e apr\u00e8s avoir pris la dose.<\/p>\n<p>La suspension du vaccin est \u00ab une mesure de pr\u00e9caution \u00bb, a expliqu\u00e9 M. Mkhize, ajoutant qu\u2019il esp\u00e8re que la d\u00e9cision sera revue dans quelques jours.<\/p>\n<p>La d\u00e9cision de Pretoria suit celle des \u00c9tats-Unis, qui ont \u00e9t\u00e9 les premiers \u00e0 suspendre l\u2019administration du vaccin Johnson &amp; Johnson fabriqu\u00e9 par le laboratoire am\u00e9ricain du m\u00eame nom.<\/p>\n<p>\u00ab Nous avons pris note de la d\u00e9cision prise par la Food and Drug Administration (FDA) des \u00c9tats-Unis d\u2019Am\u00e9rique de recommander la suspension temporaire du vaccin Johnson and Johnson aux \u00c9tats-Unis \u00bb, a poursuivi le ministre sud-africain.<\/p>\n<p>Il a rappel\u00e9 que la d\u00e9cision de la FDA fait suite aux six cas signal\u00e9s chez des femmes qui ont d\u00e9velopp\u00e9 \u00ab des caillots sanguins inhabituels avec de faibles plaquettes\u00a0\u00bb.<\/p>\n<p>\u00ab En Afrique du Sud, nous n\u2019avons eu aucun rapport de caillots qui se sont form\u00e9s apr\u00e8s la vaccination, et ce apr\u00e8s avoir vaccin\u00e9 289.787 travailleurs de la sant\u00e9 \u00bb, s\u2019est-il r\u00e9joui.<\/p>\n<p>C\u2019est la deuxi\u00e8me fois que l\u2019Afrique du Sud suspend l\u2019utilisation d\u2019un vaccin majeur contre le coronavirus depuis f\u00e9vrier dernier, lorsque le ministre avait arr\u00eat\u00e9 l\u2019utilisation du vaccin \u00e0 double dose AstraZeneca au profit du vaccin Johnson &amp; Johnson \u00e0 dose unique.<\/p>\n<p>Cette suspension intervient dans le cadre d\u2019un v\u00e9ritable programme national de vaccination contre la Covid-19, qui cible initialement 1,5 million de professionnels de la sant\u00e9, avec pour objectif final de 40 millions de personnes afin de parvenir \u00e0 une immunit\u00e9 collective pour ce pays de 50 millions d\u2019habitants.<\/p>\n<p>Selon le ministre de la Sant\u00e9, l\u2019Afrique du Sud a obtenu 30 millions de doses du vaccin de Johnson &amp; Johnson et 30 millions de doses de Pfizer, d\u00e9passant ainsi les 40 millions de doses n\u00e9cessaires pour atteindre l\u2019objectif d\u2019immunit\u00e9 collective de 40 millions de personnes.<\/p>\n<\/div>\n<p>Auteur: APA News<br \/>\n<a href=\"https:\/\/www.journalducameroun.com\/covid-19-pretoria-suspend-le-vaccin-johnson-johnson\/\">Cliquez ici pour lire l&rsquo;article depuis sa source.<\/a><\/p>\n","protected":false},"excerpt":{"rendered":"<p>Publi\u00e9 le 14.04.2021 \u00e0 18h18 par APA News La d\u00e9cision a \u00e9t\u00e9 prise apr\u00e8s la d\u00e9couverte de caillots sanguins chez six personnes vaccin\u00e9es aux \u00c9tats-Unis.L\u2019Afrique du Sud a suspendu temporairement l\u2019utilisation du vaccin contre le coronavirus Johnson &amp; Johnson, a confirm\u00e9 ce mercredi le ministre de la Sant\u00e9, Zweli Mkhize.M. Mkhize a d\u00e9clar\u00e9 que le [&hellip;]<\/p>\n","protected":false},"author":1965,"featured_media":0,"comment_status":"closed","ping_status":"closed","sticky":false,"template":"","format":"standard","meta":{"fifu_image_url":"","fifu_image_alt":"","footnotes":""},"categories":[73,82],"tags":[],"class_list":["post-114931","post","type-post","status-publish","format-standard","hentry","category-actualite","category-cameroun"],"_links":{"self":[{"href":"https:\/\/linitiative.ca\/International\/wp-json\/wp\/v2\/posts\/114931","targetHints":{"allow":["GET"]}}],"collection":[{"href":"https:\/\/linitiative.ca\/International\/wp-json\/wp\/v2\/posts"}],"about":[{"href":"https:\/\/linitiative.ca\/International\/wp-json\/wp\/v2\/types\/post"}],"author":[{"embeddable":true,"href":"https:\/\/linitiative.ca\/International\/wp-json\/wp\/v2\/users\/1965"}],"replies":[{"embeddable":true,"href":"https:\/\/linitiative.ca\/International\/wp-json\/wp\/v2\/comments?post=114931"}],"version-history":[{"count":0,"href":"https:\/\/linitiative.ca\/International\/wp-json\/wp\/v2\/posts\/114931\/revisions"}],"wp:attachment":[{"href":"https:\/\/linitiative.ca\/International\/wp-json\/wp\/v2\/media?parent=114931"}],"wp:term":[{"taxonomy":"category","embeddable":true,"href":"https:\/\/linitiative.ca\/International\/wp-json\/wp\/v2\/categories?post=114931"},{"taxonomy":"post_tag","embeddable":true,"href":"https:\/\/linitiative.ca\/International\/wp-json\/wp\/v2\/tags?post=114931"}],"curies":[{"name":"wp","href":"https:\/\/api.w.org\/{rel}","templated":true}]}}