{"id":114932,"date":"2021-04-14T13:18:02","date_gmt":"2021-04-14T17:18:02","guid":{"rendered":"https:\/\/linitiative.ca\/International\/forum-mondial-de-leau-de-dakar-une-preparation-decloisonnee\/"},"modified":"2021-04-14T13:18:02","modified_gmt":"2021-04-14T17:18:02","slug":"forum-mondial-de-leau-de-dakar-une-preparation-decloisonnee","status":"publish","type":"post","link":"https:\/\/linitiative.ca\/International\/forum-mondial-de-leau-de-dakar-une-preparation-decloisonnee\/","title":{"rendered":"Forum mondial de l\u2019eau de Dakar: une pr\u00e9paration d\u00e9cloisonn\u00e9e"},"content":{"rendered":"<div readability=\"32\">\n<p>Publi\u00e9 le 14.04.2021 \u00e0 18h18 par APA News<\/p>\n<\/div>\n<div readability=\"111\">\n<p>Divers acteurs intervenant dans l\u2019organisation du 9e forum mondial devant se tenir \u00e0 Dakar annoncent une pr\u00e9paration d\u00e9cloisonn\u00e9e.\u00ab Le Forum Dakar 2022 sera bas\u00e9 sur une pr\u00e9paration int\u00e9gr\u00e9e et d\u00e9cloisonn\u00e9e, privil\u00e9giant des \u00e9changes multi-acteurs autour d\u2019un nombre limit\u00e9 de priorit\u00e9s int\u00e9grant les outils des processus ant\u00e9rieurs : th\u00e9matique, politique, r\u00e9gional, citoyen \u00bb, promettent parlementaires, chercheurs et acteurs de la soci\u00e9t\u00e9 civile.<\/p>\n<p>Pour ce faire, l\u2019Initiative prospective agricole et rurale (Ipar, think tank) a organis\u00e9 r\u00e9cemment \u00e0 Dakar un atelier de suivi et de r\u00e9actualisation du plan d\u2019actions pour mieux positionner et mobiliser les parlementaires sur la route de Dakar 2022.<\/p>\n<p>Selon les termes de r\u00e9f\u00e9rence de la rencontre parvenus \u00e0 APA, le forum de Dakar pr\u00e9vu du 21 au 26 mars 2022, mettra l\u2019accent sur quatre priorit\u00e9s : la s\u00e9curit\u00e9 de l\u2019eau et de l\u2019assainissement, la coop\u00e9ration, l\u2019eau et le d\u00e9veloppement rural, et les outils et moyens incluant les questions cruciales du financement, de la gouvernance, de la gestion des connaissances et des innovations.<\/p>\n<p>Le document indique que la r\u00e9ussite du forum, ax\u00e9 sur le th\u00e8me \u00ab S\u00e9curit\u00e9 de l\u2019eau pour la paix et le d\u00e9veloppement \u00bb, n\u00e9cessite un important travail de pr\u00e9paration, centr\u00e9 sur une d\u00e9marche inclusive, une bonne identification et implication des acteurs, la mobilisation de moyens ad\u00e9quats et la r\u00e9alisation en temps appropri\u00e9 des activit\u00e9s.<\/p>\n<p>Il ajoute que \u00ab l\u2019ambition du S\u00e9n\u00e9gal et du Conseil mondial de l\u2019eau est d\u2019organiser un forum plus efficace aux plans social, politique, \u00e9conomique, un forum catalyseur de l\u2019action pour acc\u00e9l\u00e9rer l\u2019acc\u00e8s universel \u00e0 l\u2019eau et \u00e0 l\u2019assainissement, un forum connect\u00e9 et en lien avec les agendas et engagements mondiaux relativement aux ODD, \u00e0 l\u2019accord de Sendai sur les risques et catastrophes naturels, \u00e0 l\u2019accord de Paris sur le climat, \u00e0 l\u2019agenda 2063 de l\u2019Afrique \u00bb.<\/p>\n<p>\u00ab Le Forum abordera les enjeux globaux de l\u2019eau pour l\u2019homme et pour la nature, avec une tonalit\u00e9 africaine. Il sera contextualis\u00e9, global et de proximit\u00e9, ancr\u00e9 sur les principaux d\u00e9fis de l\u2019eau du S\u00e9n\u00e9gal, de l\u2019Afrique et du monde entier \u00bb, notent l\u2019Ipar et ses partenaires.<\/p>\n<p>Le rendez-vous de Dakar sera ponctu\u00e9 par trois temps forts. Il s\u2019agit d\u2019une plateforme d\u2019\u00e9changes multi-acteurs avec l\u2019ensemble des parties prenantes, et un sommet des chefs d\u2019\u00c9tat et de gouvernement et des grandes institutions internationales. Cette rencontre des dirigeants va permettre de lancer un message et une initiative politique historique, en vue de catalyser l\u2019action, en particulier pour la r\u00e9alisation rapide de l\u2019acc\u00e8s universel \u00e0 l\u2019eau et l\u2019assainissement.<\/p>\n<p>Quant \u00e0 elle, l\u2019Initiative Dakar 2021 vise, durant la phase pr\u00e9paratoire, \u00e0 s\u00e9lectionner des projets nationaux, r\u00e9gionaux et internationaux pertinents, innovants, structurables et reproductibles, produisant des r\u00e9sultats \u00e0 court terme, \u00e0 impact durable autour des priorit\u00e9s du forum. La finalit\u00e9 d\u2019une telle initiative est d\u2019accrocher le forum sur une dynamique d\u2019engagements \u00e0 travers des projets labellis\u00e9s apportant des r\u00e9ponses \u00e0 fort impact socio-\u00e9conomique.<\/p>\n<\/div>\n<p>Auteur: APA News<br \/>\n<a href=\"https:\/\/www.journalducameroun.com\/forum-mondial-de-leau-de-dakar-une-preparation-decloisonnee\/\">Cliquez ici pour lire l&rsquo;article depuis sa source.<\/a><\/p>\n","protected":false},"excerpt":{"rendered":"<p>Publi\u00e9 le 14.04.2021 \u00e0 18h18 par APA News Divers acteurs intervenant dans l\u2019organisation du 9e forum mondial devant se tenir \u00e0 Dakar annoncent une pr\u00e9paration d\u00e9cloisonn\u00e9e.\u00ab Le Forum Dakar 2022 sera bas\u00e9 sur une pr\u00e9paration int\u00e9gr\u00e9e et d\u00e9cloisonn\u00e9e, privil\u00e9giant des \u00e9changes multi-acteurs autour d\u2019un nombre limit\u00e9 de priorit\u00e9s int\u00e9grant les outils des processus ant\u00e9rieurs : [&hellip;]<\/p>\n","protected":false},"author":1965,"featured_media":0,"comment_status":"closed","ping_status":"closed","sticky":false,"template":"","format":"standard","meta":{"fifu_image_url":"","fifu_image_alt":"","footnotes":""},"categories":[73,82],"tags":[],"class_list":["post-114932","post","type-post","status-publish","format-standard","hentry","category-actualite","category-cameroun"],"_links":{"self":[{"href":"https:\/\/linitiative.ca\/International\/wp-json\/wp\/v2\/posts\/114932","targetHints":{"allow":["GET"]}}],"collection":[{"href":"https:\/\/linitiative.ca\/International\/wp-json\/wp\/v2\/posts"}],"about":[{"href":"https:\/\/linitiative.ca\/International\/wp-json\/wp\/v2\/types\/post"}],"author":[{"embeddable":true,"href":"https:\/\/linitiative.ca\/International\/wp-json\/wp\/v2\/users\/1965"}],"replies":[{"embeddable":true,"href":"https:\/\/linitiative.ca\/International\/wp-json\/wp\/v2\/comments?post=114932"}],"version-history":[{"count":0,"href":"https:\/\/linitiative.ca\/International\/wp-json\/wp\/v2\/posts\/114932\/revisions"}],"wp:attachment":[{"href":"https:\/\/linitiative.ca\/International\/wp-json\/wp\/v2\/media?parent=114932"}],"wp:term":[{"taxonomy":"category","embeddable":true,"href":"https:\/\/linitiative.ca\/International\/wp-json\/wp\/v2\/categories?post=114932"},{"taxonomy":"post_tag","embeddable":true,"href":"https:\/\/linitiative.ca\/International\/wp-json\/wp\/v2\/tags?post=114932"}],"curies":[{"name":"wp","href":"https:\/\/api.w.org\/{rel}","templated":true}]}}