{"id":114933,"date":"2021-04-14T14:18:01","date_gmt":"2021-04-14T18:18:01","guid":{"rendered":"https:\/\/linitiative.ca\/International\/umaro-sissoco-embalo-au-congo\/"},"modified":"2021-04-14T14:18:01","modified_gmt":"2021-04-14T18:18:01","slug":"umaro-sissoco-embalo-au-congo","status":"publish","type":"post","link":"https:\/\/linitiative.ca\/International\/umaro-sissoco-embalo-au-congo\/","title":{"rendered":"Umaro Sissoco Embal\u00f3 au Congo"},"content":{"rendered":"<div readability=\"32\">\n<p>Publi\u00e9 le 14.04.2021 \u00e0 19h18 par APA News<\/p>\n<\/div>\n<div readability=\"54\">\n<p>Le pr\u00e9sident bissau-guin\u00e9en est invit\u00e9 \u00e0 la prestation de serment de son homologue Denis Sassou Nguesso.Umaro Sissoco Embal\u00f3 est arriv\u00e9 ce mercredi 14 avril dans la capitale congolaise. Soit deux jours avant l\u2019investiture, au Palais des congr\u00e8s de Brazzaville, du pr\u00e9sident r\u00e9\u00e9lu.<\/p>\n<p>Denis Sassou Nguesso a gagn\u00e9, d\u00e8s le premier tour, le scrutin du 21 mars dernier. Il a recueilli, selon les r\u00e9sultats d\u00e9finitifs publi\u00e9s par la Cour constitutionnelle, 88,40 % des suffrages valablement exprim\u00e9s.\u00a0<\/p>\n<p>\u00ab L\u2019empereur\u00a0\u00bb, qui cumule 37 ans d\u2019exercice du pouvoir, pr\u00e9sidera aux destin\u00e9es de l\u2019ancienne colonie fran\u00e7aise pendant les cinq prochaines ann\u00e9es.<\/p>\n<p>A en croire la pr\u00e9sidence congolaise, \u00ab plusieurs centaines d\u2019invit\u00e9s et personnalit\u00e9s de marque dont des chefs d\u2019Etat et de gouvernement africains sont attendus \u00bb \u00e0 Brazzaville.<\/p>\n<\/div>\n<p>Auteur: APA News<br \/>\n<a href=\"https:\/\/www.journalducameroun.com\/umaro-sissoco-embalo-au-congo\/\">Cliquez ici pour lire l&rsquo;article depuis sa source.<\/a><\/p>\n","protected":false},"excerpt":{"rendered":"<p>Publi\u00e9 le 14.04.2021 \u00e0 19h18 par APA News Le pr\u00e9sident bissau-guin\u00e9en est invit\u00e9 \u00e0 la prestation de serment de son homologue Denis Sassou Nguesso.Umaro Sissoco Embal\u00f3 est arriv\u00e9 ce mercredi 14 avril dans la capitale congolaise. Soit deux jours avant l\u2019investiture, au Palais des congr\u00e8s de Brazzaville, du pr\u00e9sident r\u00e9\u00e9lu. Denis Sassou Nguesso a gagn\u00e9, [&hellip;]<\/p>\n","protected":false},"author":1965,"featured_media":0,"comment_status":"closed","ping_status":"closed","sticky":false,"template":"","format":"standard","meta":{"fifu_image_url":"","fifu_image_alt":"","footnotes":""},"categories":[73,82],"tags":[],"class_list":["post-114933","post","type-post","status-publish","format-standard","hentry","category-actualite","category-cameroun"],"_links":{"self":[{"href":"https:\/\/linitiative.ca\/International\/wp-json\/wp\/v2\/posts\/114933","targetHints":{"allow":["GET"]}}],"collection":[{"href":"https:\/\/linitiative.ca\/International\/wp-json\/wp\/v2\/posts"}],"about":[{"href":"https:\/\/linitiative.ca\/International\/wp-json\/wp\/v2\/types\/post"}],"author":[{"embeddable":true,"href":"https:\/\/linitiative.ca\/International\/wp-json\/wp\/v2\/users\/1965"}],"replies":[{"embeddable":true,"href":"https:\/\/linitiative.ca\/International\/wp-json\/wp\/v2\/comments?post=114933"}],"version-history":[{"count":0,"href":"https:\/\/linitiative.ca\/International\/wp-json\/wp\/v2\/posts\/114933\/revisions"}],"wp:attachment":[{"href":"https:\/\/linitiative.ca\/International\/wp-json\/wp\/v2\/media?parent=114933"}],"wp:term":[{"taxonomy":"category","embeddable":true,"href":"https:\/\/linitiative.ca\/International\/wp-json\/wp\/v2\/categories?post=114933"},{"taxonomy":"post_tag","embeddable":true,"href":"https:\/\/linitiative.ca\/International\/wp-json\/wp\/v2\/tags?post=114933"}],"curies":[{"name":"wp","href":"https:\/\/api.w.org\/{rel}","templated":true}]}}