{"id":114938,"date":"2021-04-14T14:26:21","date_gmt":"2021-04-14T18:26:21","guid":{"rendered":"https:\/\/linitiative.ca\/International\/cacao-cafe-4532-milliards-de-fcfa-pour-loffice-national-du-cacao-et-du-cafe-en-2021\/"},"modified":"2021-04-14T14:26:21","modified_gmt":"2021-04-14T18:26:21","slug":"cacao-cafe-4532-milliards-de-fcfa-pour-loffice-national-du-cacao-et-du-cafe-en-2021","status":"publish","type":"post","link":"https:\/\/linitiative.ca\/International\/cacao-cafe-4532-milliards-de-fcfa-pour-loffice-national-du-cacao-et-du-cafe-en-2021\/","title":{"rendered":"Cacao-caf\u00e9 : 4,532 milliards de Fcfa pour l\u2019Office national du cacao et du caf\u00e9 en 2021"},"content":{"rendered":"<p>L\u2019Office national du cacao et du caf\u00e9 (Oncc) vient d\u2019adopter son budget pour l\u2019exercice 2021. Arr\u00eat\u00e9 en ressources et en d\u00e9penses \u00e9quilibr\u00e9es \u00e0 hauteur de 4,532 milliards de Fcfa. C\u2019\u00e9tait au cours de la 43<sup>e<\/sup>\u00a0session ordinaire de son Conseil d\u2019administration tenu le 13 mars 2021 \u00e0 Kribi, sous la pr\u00e9sidence d\u2019Ayang Luc pr\u00e9sident dudit conseil. En plus du budget, le conseil a aussi adopt\u00e9 le compte administratif de l\u2019exercice 2020 et pris acte du compte de gestion financi\u00e8re de l\u2019exercice 2020 et du rapport d\u2019ex\u00e9cution du budget des moyens de l\u2019exercice 2020.<\/p>\n<p><strong>Lire aussi<\/strong> : <strong><a href=\"https:\/\/ecomatin.net\/filiere-cacao-800-millionss-de-fcfa-pour-les-producteurs\/\">Fili\u00e8re cacao : 800 millions de Fcfa pour les producteurs<\/a><\/strong><\/p>\n<p>Cette enveloppe permettra alors l\u2019ONCC, de poursuivre ses activit\u00e9s de promotion du cacao camerounais, qui a durant la campagne cacaoy\u00e8re 2019-2020 affich\u00e9 p\u00e2le figure. Selon des statistiques publi\u00e9es\u00a0\u00a0par l\u2019Office, la campagne cacaoy\u00e8re 2019-2020 a \u00e9t\u00e9 marqu\u00e9e par une baisse g\u00e9n\u00e9rale des ventes, tant sur le march\u00e9 local qu\u2019\u00e0 l\u2019international. Ainsi la production totale commercialis\u00e9e se chiffrait \u00e0 257 151 tonnes contre 264 253 tonnes pour la campagne 2018-2019. Soit une baisse de\u00a0 plus de 7 000 tonnes. Les exportations de leur c\u00f4t\u00e9, n\u2019ont pas connu de v\u00e9ritables envol\u00e9es non plus. Ce sont 197 537 tonnes de cacao qui ont \u00e9t\u00e9 vendues \u00e0 l\u2019international. Ce qui a repr\u00e9sent\u00e9 une r\u00e9gression de 17 288 tonnes en comparaison des 214 825 tonnes pr\u00e9c\u00e9demment export\u00e9es. Lesdites quantit\u00e9s ont \u00e9t\u00e9 principalement achemin\u00e9es vers la Hollande (62,3%), la Chine (9,8%), la Malaisie (8,2%), l\u2019Indon\u00e9sie (6,2%) et l\u2019Allemagne (3,3%).<\/p>\n<p><strong>Lire aussi<\/strong> : <strong><a href=\"https:\/\/ecomatin.net\/le-prix-du-kilogramme-de-cafes-se-vend-a-55f-a-yokadouma-region-de-lest-cameroun\/\">Le prix du kilogramme de caf\u00e9 se vend \u00e0 55F \u00e0 Yokadouma r\u00e9gion de l\u2019Est Cameroun<\/a><\/strong><\/p>\n<p>Dirig\u00e9 par Michael Ndoping, l\u2019Office national du cacao et du caf\u00e9 voit le jour par d\u00e9cret pr\u00e9sidentiel\u00a0\u00a0n\u00b0 91\/274 du 12 juin 1991, modifi\u00e9 et compl\u00e9t\u00e9 par le d\u00e9cret n\u00b0 97\/142 du 25 ao\u00fbt 1997. C\u2019est un \u00e9tablissement public administratif dot\u00e9 de la personnalit\u00e9 juridique et de l\u2019autonomie financi\u00e8re. Il est plac\u00e9 sous la tutelle technique du Minist\u00e8re du Commerce. Il rev\u00eat entre autres missions\u00a0: le suivi statistique des campagnes de commercialisation du cacao et du caf\u00e9, D\u00e9fense et promotion de l\u2019image de marque de l\u2019origine Cameroun, Suivi des accords internationaux de cacao et de caf\u00e9 ainsi que de la repr\u00e9sentation du Cameroun aupr\u00e8s des organismes internationaux du cacao et du caf\u00e9 en liaison avec l\u2019interprofession.<\/p>\n<p>Auteur: Cindy MBALA<br \/>\n<a href=\"https:\/\/ecomatin.net\/cacao-cafe-4532-milliards-de-fcfa-pour-loffice-national-du-cacao-ett-du-cafe-en-2021\/\">Cliquez ici pour lire l&rsquo;article depuis sa source.<\/a><\/p>\n","protected":false},"excerpt":{"rendered":"<p>L\u2019Office national du cacao et du caf\u00e9 (Oncc) vient d\u2019adopter son budget pour l\u2019exercice 2021. Arr\u00eat\u00e9 en ressources et en d\u00e9penses \u00e9quilibr\u00e9es \u00e0 hauteur de 4,532 milliards de Fcfa. C\u2019\u00e9tait au cours de la 43e\u00a0session ordinaire de son Conseil d\u2019administration tenu le 13 mars 2021 \u00e0 Kribi, sous la pr\u00e9sidence d\u2019Ayang Luc pr\u00e9sident dudit conseil. [&hellip;]<\/p>\n","protected":false},"author":1969,"featured_media":0,"comment_status":"closed","ping_status":"closed","sticky":false,"template":"","format":"standard","meta":{"fifu_image_url":"","fifu_image_alt":"","footnotes":""},"categories":[82,78],"tags":[],"class_list":["post-114938","post","type-post","status-publish","format-standard","hentry","category-cameroun","category-economie"],"_links":{"self":[{"href":"https:\/\/linitiative.ca\/International\/wp-json\/wp\/v2\/posts\/114938","targetHints":{"allow":["GET"]}}],"collection":[{"href":"https:\/\/linitiative.ca\/International\/wp-json\/wp\/v2\/posts"}],"about":[{"href":"https:\/\/linitiative.ca\/International\/wp-json\/wp\/v2\/types\/post"}],"author":[{"embeddable":true,"href":"https:\/\/linitiative.ca\/International\/wp-json\/wp\/v2\/users\/1969"}],"replies":[{"embeddable":true,"href":"https:\/\/linitiative.ca\/International\/wp-json\/wp\/v2\/comments?post=114938"}],"version-history":[{"count":0,"href":"https:\/\/linitiative.ca\/International\/wp-json\/wp\/v2\/posts\/114938\/revisions"}],"wp:attachment":[{"href":"https:\/\/linitiative.ca\/International\/wp-json\/wp\/v2\/media?parent=114938"}],"wp:term":[{"taxonomy":"category","embeddable":true,"href":"https:\/\/linitiative.ca\/International\/wp-json\/wp\/v2\/categories?post=114938"},{"taxonomy":"post_tag","embeddable":true,"href":"https:\/\/linitiative.ca\/International\/wp-json\/wp\/v2\/tags?post=114938"}],"curies":[{"name":"wp","href":"https:\/\/api.w.org\/{rel}","templated":true}]}}