{"id":114940,"date":"2021-04-15T09:00:49","date_gmt":"2021-04-15T13:00:49","guid":{"rendered":"https:\/\/linitiative.ca\/International\/cafes-causeries-de-linitiative-americaine-dautonomisation-par-le-commerce-cafes-causeries-de-linitiative-americaine-dautonomisation-par-le-commerce-un-fructueux-e\/"},"modified":"2021-04-15T09:00:49","modified_gmt":"2021-04-15T13:00:49","slug":"cafes-causeries-de-linitiative-americaine-dautonomisation-par-le-commerce-cafes-causeries-de-linitiative-americaine-dautonomisation-par-le-commerce-un-fructueux-e","status":"publish","type":"post","link":"https:\/\/linitiative.ca\/International\/cafes-causeries-de-linitiative-americaine-dautonomisation-par-le-commerce-cafes-causeries-de-linitiative-americaine-dautonomisation-par-le-commerce-un-fructueux-e\/","title":{"rendered":"Caf\u00e9s-causeries de l\u2019Initiative am\u00e9ricaine d\u2019autonomisation par le commerce : Caf\u00e9s-causeries de l\u2019Initiative am\u00e9ricaine d\u2019autonomisation par le commerce Un fructueux \u00e9change marque l\u2019\u00e9tape Maroc"},"content":{"rendered":"<figure class=\"post-thumbnail\" itemprop=\"associatedMedia\" itemscope=\"itemscope\" itemtype=\"http:\/\/schema.org\/ImageObject\"><img decoding=\"async\" class=\"post_layout_5_img\" src=\"http:\/\/aujourdhui.ma\/wp-content\/uploads\/2021\/03\/Camille-Richardson-Sous-secre\u0301taire-adjointe-au-Commerce-des-Etats-Unis-pour-le-Moyen-Orient-et-lAfrique.jpg\" alt=\"Caf\u00e9s-causeries de l\u2019Initiative am\u00e9ricaine d\u2019autonomisation par le commerce : Caf\u00e9s-causeries de l\u2019Initiative am\u00e9ricaine d\u2019autonomisation par le commerce Un fructueux \u00e9change marque l\u2019\u00e9tape Maroc\"\/><\/figure>\n<p><span class=\"c7\"><strong>Le commerce et l\u2019entrepreneuriat ont \u00e9t\u00e9 \u00e0 l\u2019ordre d\u2019une r\u00e9union virtuelle qu\u2019a tenue Camille Richardson, sous-secr\u00e9taire adjointe au commerce des \u00c9tats-Unis pour les march\u00e9s mondiaux au Moyen-Orient et en Afrique, avec un groupe de femmes entrepreneures et de repr\u00e9sentantes gouvernementales marocaines et am\u00e9ricaines.<\/strong><\/span> <span id=\"more-373917\"\/><\/p>\n<p>Une rencontre qui s\u2019inscrit dans le cadre de la s\u00e9rie de caf\u00e9s-causeries de l\u2019Initiative d\u2019autonomisation par le commerce que la sous-secr\u00e9taire adjointe Richardson organise avec des femmes entrepreneures dans de nombreux pays de la r\u00e9gion, dont le Kenya, l\u2019Ethiopie et le Maroc. Le tout sera couronn\u00e9 par un \u00e9v\u00e9nement multir\u00e9gional \u00e0 Duba\u00ef en collaboration avec Trade Winds Dubai, en mars 2022, avec des activit\u00e9s co\u00efncidant avec la Journ\u00e9e internationale de la femme 2022.<\/p>\n<p>L\u2019\u00e9change, ayant eu lieu la semaine derni\u00e8re avec les femmes entrepreneures du Maroc, tend \u00e0 encourager la prosp\u00e9rit\u00e9 par un engagement commercial mutuellement avantageux. \u00abLes pan\u00e9listes ont partag\u00e9 de pr\u00e9cieuses perspectives sur l\u2019entrepreneuriat f\u00e9minin, les opportunit\u00e9s commerciales au Maroc et le potentiel des relations d\u2019affaires entre les entreprises dirig\u00e9es par des femmes aux \u00c9tats-Unis et au Maroc\u00bb, apprend-on dans ce sens. Intervenant dans ce sens, Shakir Farsakh, responsable commercial principal au consulat g\u00e9n\u00e9ral des \u00c9tats-Unis \u00e0 Casablanca, a soulign\u00e9 le potentiel du march\u00e9 marocain et les opportunit\u00e9s de coop\u00e9ration commerciale entre le Maroc et les \u00c9tats-Unis.<\/p>\n<p>\u00abEtant donn\u00e9 que Casablanca est le centre \u00e9conomique du Maroc, le Service du commerce ext\u00e9rieur du consulat des \u00c9tats-Unis \u00e0 Casablanca s\u2019emploie \u00e0 promouvoir les nombreux avantages du commerce entre nos deux pays\u00bb, apprend-on \u00e0 cet effet. Notons que cette discussion autour d\u2019un caf\u00e9 au Maroc refl\u00e8te la haute priorit\u00e9 que la mission diplomatique des \u00c9tats-Unis au Maroc accorde non seulement aux relations commerciales entre les \u00c9tats-Unis et le Maroc, mais aussi \u00e0 l\u2019importance de trouver des opportunit\u00e9s \u00e9conomiques dans tous les secteurs, y compris pour les femmes entrepreneures dynamiques du Maroc.<\/p>\n<p>Ce programme fait suite \u00e0 la r\u00e9cente visite virtuelle de la sous-secr\u00e9taire adjointe Richardson au Maroc, qui a eu lieu du 16 au 18 mars \u00e9tant marqu\u00e9e par des r\u00e9unions productives avec des entrepreneurs marocains et des repr\u00e9sentants du gouvernement marocain relevant du minist\u00e8re du transport, de l\u2019\u00e9quipement, de la logistique et de l\u2019eau et de l\u2019Office national de l\u2019eau et de l\u2019\u00e9lectricit\u00e9. Rappelons que le Maroc et les \u00c9tats-Unis d\u2019Am\u00e9rique ont sign\u00e9 en 2004 un accord de libre-\u00e9change en vigueur depuis 15 ans. A ce titre, les exportations du Maroc vers les \u00c9tats-Unis ont augment\u00e9 de plus de 200\u00a0%. L\u2019accord de libre-\u00e9change avec les \u00c9tats-Unis, ainsi que l\u2019am\u00e9lioration constante de l\u2019environnement des affaires au Maroc contribuent aux efforts du Maroc visant \u00e0 devenir \u00abla porte d\u2019entr\u00e9e de l\u2019Afrique\u00bb.<\/p>\n<p>Auteur: ALM<br \/>\n<a href=\"https:\/\/aujourdhui.ma\/economie\/cafes-causeries-de-linitiative-americaine-dautonomisation-par-le-commerce-cafes-causeries-de-linitiative-americaine-dautonomisation-par-le-commerce-un-fructueux-e\">Cliquez ici pour lire l&rsquo;article depuis sa source.<\/a><\/p>\n","protected":false},"excerpt":{"rendered":"<p>Le commerce et l\u2019entrepreneuriat ont \u00e9t\u00e9 \u00e0 l\u2019ordre d\u2019une r\u00e9union virtuelle qu\u2019a tenue Camille Richardson, sous-secr\u00e9taire adjointe au commerce des \u00c9tats-Unis pour les march\u00e9s mondiaux au Moyen-Orient et en Afrique, avec un groupe de femmes entrepreneures et de repr\u00e9sentantes gouvernementales marocaines et am\u00e9ricaines. Une rencontre qui s\u2019inscrit dans le cadre de la s\u00e9rie de caf\u00e9s-causeries [&hellip;]<\/p>\n","protected":false},"author":1759,"featured_media":0,"comment_status":"closed","ping_status":"closed","sticky":false,"template":"","format":"standard","meta":{"fifu_image_url":"http:\/\/aujourdhui.ma\/wp-content\/uploads\/2021\/03\/Camille-Richardson-Sous-secre\u0301taire-adjointe-au-Commerce-des-Etats-Unis-pour-le-Moyen-Orient-et-lAfrique.jpg","fifu_image_alt":"Caf\u00e9s-causeries de l\u2019Initiative am\u00e9ricaine d\u2019autonomisation par le commerce : Caf\u00e9s-causeries de l\u2019Initiative am\u00e9ricaine d\u2019autonomisation par le commerce Un fructueux \u00e9change marque l\u2019\u00e9tape Maroc","footnotes":""},"categories":[73,54],"tags":[],"class_list":["post-114940","post","type-post","status-publish","format-standard","hentry","category-actualite","category-maroc"],"_links":{"self":[{"href":"https:\/\/linitiative.ca\/International\/wp-json\/wp\/v2\/posts\/114940","targetHints":{"allow":["GET"]}}],"collection":[{"href":"https:\/\/linitiative.ca\/International\/wp-json\/wp\/v2\/posts"}],"about":[{"href":"https:\/\/linitiative.ca\/International\/wp-json\/wp\/v2\/types\/post"}],"author":[{"embeddable":true,"href":"https:\/\/linitiative.ca\/International\/wp-json\/wp\/v2\/users\/1759"}],"replies":[{"embeddable":true,"href":"https:\/\/linitiative.ca\/International\/wp-json\/wp\/v2\/comments?post=114940"}],"version-history":[{"count":0,"href":"https:\/\/linitiative.ca\/International\/wp-json\/wp\/v2\/posts\/114940\/revisions"}],"wp:attachment":[{"href":"https:\/\/linitiative.ca\/International\/wp-json\/wp\/v2\/media?parent=114940"}],"wp:term":[{"taxonomy":"category","embeddable":true,"href":"https:\/\/linitiative.ca\/International\/wp-json\/wp\/v2\/categories?post=114940"},{"taxonomy":"post_tag","embeddable":true,"href":"https:\/\/linitiative.ca\/International\/wp-json\/wp\/v2\/tags?post=114940"}],"curies":[{"name":"wp","href":"https:\/\/api.w.org\/{rel}","templated":true}]}}