{"id":114941,"date":"2021-04-15T09:59:16","date_gmt":"2021-04-15T13:59:16","guid":{"rendered":"https:\/\/linitiative.ca\/International\/ble-la-comader-refute-les-allegations-sur-la-qualite\/"},"modified":"2021-04-15T09:59:16","modified_gmt":"2021-04-15T13:59:16","slug":"ble-la-comader-refute-les-allegations-sur-la-qualite","status":"publish","type":"post","link":"https:\/\/linitiative.ca\/International\/ble-la-comader-refute-les-allegations-sur-la-qualite\/","title":{"rendered":"Bl\u00e9: La COMADER r\u00e9fute les all\u00e9gations sur la qualit\u00e9"},"content":{"rendered":"<figure class=\"post-thumbnail\" itemprop=\"associatedMedia\" itemscope=\"itemscope\" itemtype=\"http:\/\/schema.org\/ImageObject\"><img decoding=\"async\" class=\"post_layout_5_img\" src=\"http:\/\/aujourdhui.ma\/wp-content\/uploads\/2020\/03\/Comader.jpg\" alt=\"Bl\u00e9: La COMADER r\u00e9fute les all\u00e9gations sur la qualit\u00e9\"\/><\/figure>\n<p><span class=\"c7\"><strong>La Conf\u00e9d\u00e9ration soutiendra les d\u00e9marches pour obtenir r\u00e9paration du pr\u00e9judice que pourrait subir les agriculteurs<\/strong><\/span><\/p>\n<p><span class=\"c8\">La COMADER sort de son silence. En effet, la Conf\u00e9d\u00e9ration marocaine de l\u2019Agriculture et du d\u00e9veloppement rural a r\u00e9fut\u00e9 les d\u00e9clarations quant \u00e0 la qualit\u00e9 du bl\u00e9 marocain et du pain consomm\u00e9 par les Marocains.<\/span><\/p>\n<p>\u00ab\u00a0C\u2019est avec un grand \u00e9tonnement que la COMADER a pris connaissance des d\u00e9clarations irresponsables qui ont trait \u00e0 la qualit\u00e9 du pain consomm\u00e9 par les marocains\u00a0\u00bb, indique un communiqu\u00e9 de la Conf\u00e9d\u00e9ration qui, \u00ab\u00a0vu la gravit\u00e9 de ces d\u00e9clarations et leur caract\u00e8re fallacieux et calomnieux\u00a0\u00bb, a tenu \u00e0 apporter au grand public des \u00e9claircissements.<\/p>\n<p>\u00ab\u00a0Ces d\u00e9clarations remettent en cause sans aucun fondement les efforts fournis par les agriculteurs marocains en g\u00e9n\u00e9ral et les petits d\u2019entre eux en particulier, tout en sachant que la culture des c\u00e9r\u00e9ales repr\u00e9sente la principale source de leurs revenus\u00a0\u00bb, d\u00e9plore la m\u00eame source.<\/p>\n<p>Et de poursuivre: \u00ab\u00a0Nos agriculteurs se sont engag\u00e9s pleinement dans l\u2019approvisionnement r\u00e9gulier, en quantit\u00e9 et qualit\u00e9 suffisante, du march\u00e9 local en diverses denr\u00e9es agricoles, et ce malgr\u00e9 les diverses restrictions impos\u00e9es par les pouvoirs publics durant la pand\u00e9mie du nouveau coronavirus (covid-19)\u00a0\u00bb.<\/p>\n<p>Ces d\u00e9clarations font fi intentionnellement de l\u2019intelligence du consommateur marocain, souligne la COMADER, martelant que le Maroc est connu, tant au niveau national qu\u2019international, par la richesse de son art culinaire ancestral, dont le pain repr\u00e9sente l\u2019un de ses piliers principaux.<\/p>\n<p>\u00ab\u00a0\u00c0 ce titre, nous estimons que le consommateur marocain est le mieux plac\u00e9 pour appr\u00e9cier \u00e0 sa juste valeur la qualit\u00e9 de la farine qu\u2019il utilise ou celle du pain qu\u2019il acquiert des boulangeries tant modernes qu\u2019artisanales\u00a0\u00bb, ajoute la Conf\u00e9d\u00e9ration.<\/p>\n<p>Ces d\u00e9clarations ignorent d\u2019une mani\u00e8re mal intentionn\u00e9e le travail de toutes les commissions de contr\u00f4le et en particulier celui de l\u2019Office national de s\u00e9curit\u00e9 sanitaire des produits alimentaires (ONSSA) d\u2019une part, ainsi que toutes les r\u00e9alisations du secteur c\u00e9r\u00e9alier dans le cadre du Plan Maroc Vert (PMV) ces derni\u00e8res ann\u00e9es d\u2019autre part, estime la Conf\u00e9d\u00e9ration.<\/p>\n<p>Aussi, la COMADER exprime sa totale solidarit\u00e9 et son soutien inconditionnel aux agriculteurs producteurs de bl\u00e9 et r\u00e9fute les d\u00e9clarations irresponsables quant \u00e0 la qualit\u00e9 du bl\u00e9 marocain, et soutiendra toutes les organisations professionnelles dont la FIAC (membre fondateur de la COMADER) et les associations membres qui la compose dans toutes les d\u00e9marches qu\u2019elles entreprendront pour obtenir r\u00e9paration du pr\u00e9judice que pourrait subir les agriculteurs du fait des agissements de certaines parties mal intentionn\u00e9es.<\/p>\n<p>Et de conclure que la Conf\u00e9d\u00e9ration confirme poursuivre ses efforts pour l\u2019accompagnement des agriculteurs producteurs de c\u00e9r\u00e9ales dans leur noble mission d\u2019approvisionnement du pays en bl\u00e9 de qualit\u00e9.<\/p>\n<p>Auteur: ALM<br \/>\n<a href=\"https:\/\/aujourdhui.ma\/economie\/ble-la-comader-refute-les-allegations-sur-la-qualite\">Cliquez ici pour lire l&rsquo;article depuis sa source.<\/a><\/p>\n","protected":false},"excerpt":{"rendered":"<p>La Conf\u00e9d\u00e9ration soutiendra les d\u00e9marches pour obtenir r\u00e9paration du pr\u00e9judice que pourrait subir les agriculteurs La COMADER sort de son silence. En effet, la Conf\u00e9d\u00e9ration marocaine de l\u2019Agriculture et du d\u00e9veloppement rural a r\u00e9fut\u00e9 les d\u00e9clarations quant \u00e0 la qualit\u00e9 du bl\u00e9 marocain et du pain consomm\u00e9 par les Marocains. \u00ab\u00a0C\u2019est avec un grand \u00e9tonnement [&hellip;]<\/p>\n","protected":false},"author":1759,"featured_media":0,"comment_status":"closed","ping_status":"closed","sticky":false,"template":"","format":"standard","meta":{"fifu_image_url":"http:\/\/aujourdhui.ma\/wp-content\/uploads\/2020\/03\/Comader.jpg","fifu_image_alt":"Bl\u00e9: La COMADER r\u00e9fute les all\u00e9gations sur la qualit\u00e9","footnotes":""},"categories":[73,54],"tags":[],"class_list":["post-114941","post","type-post","status-publish","format-standard","hentry","category-actualite","category-maroc"],"_links":{"self":[{"href":"https:\/\/linitiative.ca\/International\/wp-json\/wp\/v2\/posts\/114941","targetHints":{"allow":["GET"]}}],"collection":[{"href":"https:\/\/linitiative.ca\/International\/wp-json\/wp\/v2\/posts"}],"about":[{"href":"https:\/\/linitiative.ca\/International\/wp-json\/wp\/v2\/types\/post"}],"author":[{"embeddable":true,"href":"https:\/\/linitiative.ca\/International\/wp-json\/wp\/v2\/users\/1759"}],"replies":[{"embeddable":true,"href":"https:\/\/linitiative.ca\/International\/wp-json\/wp\/v2\/comments?post=114941"}],"version-history":[{"count":0,"href":"https:\/\/linitiative.ca\/International\/wp-json\/wp\/v2\/posts\/114941\/revisions"}],"wp:attachment":[{"href":"https:\/\/linitiative.ca\/International\/wp-json\/wp\/v2\/media?parent=114941"}],"wp:term":[{"taxonomy":"category","embeddable":true,"href":"https:\/\/linitiative.ca\/International\/wp-json\/wp\/v2\/categories?post=114941"},{"taxonomy":"post_tag","embeddable":true,"href":"https:\/\/linitiative.ca\/International\/wp-json\/wp\/v2\/tags?post=114941"}],"curies":[{"name":"wp","href":"https:\/\/api.w.org\/{rel}","templated":true}]}}