{"id":114942,"date":"2021-04-15T10:30:23","date_gmt":"2021-04-15T14:30:23","guid":{"rendered":"https:\/\/linitiative.ca\/International\/13-850-beneficiaires-de-loperation-ramadan-1442\/"},"modified":"2021-04-15T10:30:23","modified_gmt":"2021-04-15T14:30:23","slug":"13-850-beneficiaires-de-loperation-ramadan-1442","status":"publish","type":"post","link":"https:\/\/linitiative.ca\/International\/13-850-beneficiaires-de-loperation-ramadan-1442\/","title":{"rendered":"13.850 b\u00e9n\u00e9ficiaires  de l\u2019Op\u00e9ration Ramadan 1442"},"content":{"rendered":"<header>\n<\/header>\n<div class=\"entry-content clearfix\" readability=\"51\">\n<figure class=\"post-thumbnail\" itemprop=\"associatedMedia\" itemscope=\"itemscope\" itemtype=\"http:\/\/schema.org\/ImageObject\"><img decoding=\"async\" class=\"post_layout_5_img\" src=\"http:\/\/aujourdhui.ma\/wp-content\/uploads\/2021\/04\/RAMADAN.jpg\" alt=\"13.850 b\u00e9n\u00e9ficiaires de l\u2019Op\u00e9ration Ramadan 1442\"\/><\/figure>\n<p><span class=\"c7\"><strong>L\u2019Op\u00e9ration de soutien alimentaire \u00abRamadan 1442\u00bb b\u00e9n\u00e9ficiera \u00e0 13.850 familles au niveau de la province de Taroudant.<\/strong><\/span><span id=\"more-373960\"\/><\/p>\n<p>Les b\u00e9n\u00e9ficiaires de cette op\u00e9ration lanc\u00e9e mercredi en pr\u00e9sence notamment du gouverneur de la province, Lahoucine Amzal, sont issus de 83 communes . SM le Roi Mohammed VI a donn\u00e9 ses Hautes instructions pour le lancement de la 22\u00e8me \u00e9dition de l\u2019Op\u00e9ration de distribution alimentaire \u00abRamadan 1442\u00bb, qui profitera \u00e0 trois millions de personnes (600.000 foyers au niveau national dont 459.504 issus des zones rurales), a annonc\u00e9 mardi la Fondation Mohammed V pour la solidarit\u00e9. Initi\u00e9e depuis 1999, cette op\u00e9ration solidaire de grande envergure s\u2019est inscrite dans la continuit\u00e9 malgr\u00e9 le contexte d\u2019urgence sanitaire, a soulign\u00e9 la m\u00eame source. L\u2019op\u00e9ration, organis\u00e9e avec le concours financier du minist\u00e8re de l\u2019int\u00e9rieur (Direction g\u00e9n\u00e9rale des collectivit\u00e9s locales) et du minist\u00e8re des habous et des affaires islamiques, repose sur un soutien alimentaire compos\u00e9 de sept produits alimentaires (10 kilogrammes de farine, 5 litres d\u2019huile v\u00e9g\u00e9tale, 4 kg de sucre, 1 kg de lentilles, 1 kg de vermicelle, 850 grammes de concentr\u00e9 de tomate et 250 grammes de th\u00e9) et contribuera \u00e0 all\u00e9ger le poids des besoins alimentaires li\u00e9s au mois sacr\u00e9 du Ramadan. Cette 22\u00e8me \u00e9dition est en effet marqu\u00e9e par un dispositif de mise en \u0153uvre qui ob\u00e9it aux dispositions de s\u00e9curit\u00e9 \u00e9dict\u00e9es par les autorit\u00e9s locales.<\/p>\n<\/div>\n<p>Auteur: ALM<br \/>\n<a href=\"https:\/\/aujourdhui.ma\/societe\/13-850-beneficiaires-de-loperation-ramadan-1442\">Cliquez ici pour lire l&rsquo;article depuis sa source.<\/a><\/p>\n","protected":false},"excerpt":{"rendered":"<p>L\u2019Op\u00e9ration de soutien alimentaire \u00abRamadan 1442\u00bb b\u00e9n\u00e9ficiera \u00e0 13.850 familles au niveau de la province de Taroudant. Les b\u00e9n\u00e9ficiaires de cette op\u00e9ration lanc\u00e9e mercredi en pr\u00e9sence notamment du gouverneur de la province, Lahoucine Amzal, sont issus de 83 communes . SM le Roi Mohammed VI a donn\u00e9 ses Hautes instructions pour le lancement de la [&hellip;]<\/p>\n","protected":false},"author":1759,"featured_media":0,"comment_status":"closed","ping_status":"closed","sticky":false,"template":"","format":"standard","meta":{"fifu_image_url":"http:\/\/aujourdhui.ma\/wp-content\/uploads\/2021\/04\/RAMADAN.jpg","fifu_image_alt":"13.850 b\u00e9n\u00e9ficiaires  de l\u2019Op\u00e9ration Ramadan 1442","footnotes":""},"categories":[73,54],"tags":[],"class_list":["post-114942","post","type-post","status-publish","format-standard","hentry","category-actualite","category-maroc"],"_links":{"self":[{"href":"https:\/\/linitiative.ca\/International\/wp-json\/wp\/v2\/posts\/114942","targetHints":{"allow":["GET"]}}],"collection":[{"href":"https:\/\/linitiative.ca\/International\/wp-json\/wp\/v2\/posts"}],"about":[{"href":"https:\/\/linitiative.ca\/International\/wp-json\/wp\/v2\/types\/post"}],"author":[{"embeddable":true,"href":"https:\/\/linitiative.ca\/International\/wp-json\/wp\/v2\/users\/1759"}],"replies":[{"embeddable":true,"href":"https:\/\/linitiative.ca\/International\/wp-json\/wp\/v2\/comments?post=114942"}],"version-history":[{"count":0,"href":"https:\/\/linitiative.ca\/International\/wp-json\/wp\/v2\/posts\/114942\/revisions"}],"wp:attachment":[{"href":"https:\/\/linitiative.ca\/International\/wp-json\/wp\/v2\/media?parent=114942"}],"wp:term":[{"taxonomy":"category","embeddable":true,"href":"https:\/\/linitiative.ca\/International\/wp-json\/wp\/v2\/categories?post=114942"},{"taxonomy":"post_tag","embeddable":true,"href":"https:\/\/linitiative.ca\/International\/wp-json\/wp\/v2\/tags?post=114942"}],"curies":[{"name":"wp","href":"https:\/\/api.w.org\/{rel}","templated":true}]}}