{"id":114944,"date":"2021-04-14T14:00:51","date_gmt":"2021-04-14T18:00:51","guid":{"rendered":"https:\/\/linitiative.ca\/International\/%ef%bb%bfsahara-marocain-un-panel-de-haut-niveau-appelle-a-soutenir-les-efforts-du-maroc\/"},"modified":"2021-04-14T14:00:51","modified_gmt":"2021-04-14T18:00:51","slug":"%ef%bb%bfsahara-marocain-un-panel-de-haut-niveau-appelle-a-soutenir-les-efforts-du-maroc","status":"publish","type":"post","link":"https:\/\/linitiative.ca\/International\/%ef%bb%bfsahara-marocain-un-panel-de-haut-niveau-appelle-a-soutenir-les-efforts-du-maroc\/","title":{"rendered":"\ufeffSahara marocain : Un panel de haut niveau appelle \u00e0 soutenir les efforts du Maroc"},"content":{"rendered":"<p class=\"has-text-color has-vivid-cyan-blue-color c1\"><strong>Lors d\u2019une rencontre organis\u00e9e par le centre am\u00e9ricain \u00abRepublic-Underground\u00bb<\/strong><\/p>\n<p><strong>Un panel d\u2019experts de haut niveau a appel\u00e9, mardi lors d\u2019une conf\u00e9rence, l\u2019actuelle administration am\u00e9ricaine \u00e0 soutenir les efforts du Maroc visant \u00e0 r\u00e9soudre le conflit du Sahara sur la base d\u2019une solution politique fond\u00e9e sur le plan d\u2019autonomie, comme seule solution \u00e0 ce diff\u00e9rend r\u00e9gional.<\/strong><\/p>\n<p>Les participants \u00e0 cette conf\u00e9rence, organis\u00e9e par le centre am\u00e9ricain \u00abRepublic-Underground\u00bb, ont \u00e9galement plaid\u00e9 pour le d\u00e9ploiement du Consulat am\u00e9ricain \u00e0 Dakhla afin de faciliter les contacts entre les op\u00e9rateurs \u00e9conomiques locaux et leurs homologues am\u00e9ricains, et promouvoir les investissements et l\u2019aide am\u00e9ricaine au d\u00e9veloppement de la r\u00e9gion, conform\u00e9ment \u00e0 l\u2019Accord de libre-\u00e9change liant les Etats-Unis et le Maroc.<\/p>\n<p>Les pan\u00e9listes ont aussi appel\u00e9 \u00e0 amener l\u2019Alg\u00e9rie \u00e0 contribuer effectivement aux efforts des Nations-Unies visant \u00e0 parvenir \u00e0 une solution politique au diff\u00e9rend r\u00e9gional sur le Sahara marocain et \u00e0 assumer sa responsabilit\u00e9 en tant que v\u00e9ritable partie au conflit.<\/p>\n<p>Seule une telle approche, ont-ils estim\u00e9, est \u00e0 m\u00eame de mettre fin aux souffrances des populations des camps de Tindouf, r\u00e9duire les menaces \u00e0 la s\u00e9curit\u00e9 et permettre l\u2019int\u00e9gration et la coop\u00e9ration r\u00e9gionales au Maghreb.<\/p>\n<p>Cette rencontre a \u00e9t\u00e9 marqu\u00e9e par la participation notamment de Michael Flanagan, ancien Congressman am\u00e9ricain; Erik Jensen, ancien Chef de la Minurso et Repr\u00e9sentant sp\u00e9cial du Secr\u00e9taire g\u00e9n\u00e9ral de l\u2019ONU pour le Sahara (1993-98) ; Richard Weitz, Directeur du centre d\u2019analyse politico-militaire au Hudson Institute ; Elisabeth Myers, avocate et universitaire, et Nancy Huff, pr\u00e9sidente de l\u2019ONG am\u00e9ricaine \u00ab\u00a0Teach the Children International\u00a0\u00bb, ainsi que Ghalla Bahiya, Vice-pr\u00e9sidente de la r\u00e9gion Dakhla Oued Eddahab et Mohamed Abba, Vice-pr\u00e9sident de la r\u00e9gion Laayoune Sakia El-Hamra.<\/p>\n<p>Dans leurs conclusions, les pan\u00e9listes ont estim\u00e9 que les Etats-Unis devraient s\u2019opposer \u00e0 certaines utilisations abusives du droit international et du principe d\u2019autod\u00e9termination visant \u00e0 d\u00e9stabiliser et morceler des Etats souverains.\u00a0 Selon le droit international, le principe d\u2019autod\u00e9termination ne s\u2019applique pas au territoire du Sahara, qui fait g\u00e9ographiquement et historiquement partie int\u00e9grante et int\u00e9grale du Royaume du Maroc et partage les m\u00eames caract\u00e9ristiques ethniques, religieuses et culturelles, ont-ils fait valoir.<\/p>\n<p>Les participants ont aussi appel\u00e9 \u00e0 rem\u00e9dier au calvaire humanitaire dans les camps de Tindouf, en territoire alg\u00e9rien, et faciliter le retour \u00e0 la m\u00e8re patrie des populations s\u00e9questr\u00e9es dans ces camps.<\/p>\n<p>A ce propos, ils ont soulign\u00e9 la responsabilit\u00e9 du polisario pour ses actions d\u00e9stabilisatrices et provocatrices, tout en soulignant le r\u00f4le et les responsabilit\u00e9s de l\u2019Alg\u00e9rie en tant que pays h\u00f4te du polisario.<\/p>\n<p>De m\u00eame, les pan\u00e9listes ont plaid\u00e9 pour le renforcement de la coop\u00e9ration triangulaire Maroc-Etats-Unis-Afrique en tant qu\u2019outil efficace pour contrer la concurrence des grandes puissances sur le continent, tout en recommandant \u00e0 l\u2019administration am\u00e9ricaine de travailler avec le Maroc en tant que voix mod\u00e9r\u00e9e et progressiste en Afrique du Nord et de l\u2019Ouest pour faire face aux crises r\u00e9gionales urgentes, notamment en Libye et au Sahel.<\/p>\n<p>Dans leurs interventions, les participants \u00e0 cette conf\u00e9rence ont recommand\u00e9 de multiplier l\u2019aide et les investissements am\u00e9ricains vers la r\u00e9gion du Sahara pour soutenir le d\u00e9veloppement socio-\u00e9conomique de la population locale.<\/p>\n<p>Par ailleurs, ils ont insist\u00e9 sur une action active pour soutenir les efforts du Maroc afin de faire face aux menaces qui guettent sa s\u00e9curit\u00e9 et sa stabilit\u00e9 nationales, ainsi que celles de la r\u00e9gion.<\/p>\n<p>Dans une intervention lue en son nom \u00e0 cette occasion, Eric Jensen a estim\u00e9 que la Proclamation am\u00e9ricaine sur le Sahara marocain donne \u00ab\u00a0in\u00e9luctablement une impulsion\u00a0\u00bb pour r\u00e9soudre le diff\u00e9rend r\u00e9gional sur le Sahara qui n\u2019a que trop dur\u00e9, en amenant \u00ab\u00a0toutes les parties concern\u00e9es \u00e0 faire face \u00e0 la r\u00e9alit\u00e9\u00a0\u00bb.<\/p>\n<p>Selon lui, \u00ab\u00a0ce n\u2019est que dans un esprit de r\u00e9alisme et de compromis\u00a0\u00bb, et avec la contribution des Etats-Unis, que le Maroc, l\u2019Alg\u00e9rie et le polisario parviendront \u00e0 r\u00e9soudre pacifiquement ce conflit qui continue de poser une menace \u00e0 la paix et la s\u00e9curit\u00e9 r\u00e9gionales et un obstacle co\u00fbteux \u00e0 la coop\u00e9ration r\u00e9gionale et au d\u00e9veloppement du Maghreb.<\/p>\n<p>De son c\u00f4t\u00e9, Michael Flanagan a estim\u00e9 que la proclamation am\u00e9ricaine sur le Sahara n\u2019est que la culmination des politiques des anciennes administrations am\u00e9ricaines sur la question du Sahara, en rappelant que la proposition marocaine d\u2019autonomie a \u00e9t\u00e9 qualifi\u00e9e \u00e0 maintes fois de s\u00e9rieuse et cr\u00e9dible par les Etats-Unis.<\/p>\n<p>Il a, \u00e0 cet \u00e9gard, appel\u00e9 l\u2019administration de Joe Biden \u00e0 poursuivre le soutien am\u00e9ricain au Maroc, un alli\u00e9 de longue date des Etats-Unis, dans ses efforts visant \u00e0 r\u00e9soudre ce diff\u00e9rend r\u00e9gional.<\/p>\n<p>Richard Weitz a, pour sa part, mis l\u2019accent sur le r\u00f4le du Maroc en tant qu\u2019alli\u00e9 majeur des Etats-Unis dans la lutte contre le terrorisme, notamment en Afrique du Nord et de l\u2019Ouest, soulignant que la coop\u00e9ration s\u00e9curitaire et militaire maroco-am\u00e9ricaine reste \u00ab\u00a0extr\u00eamement importante\u00a0\u00bb.<\/p>\n<p>A ce propos, il a estim\u00e9 que l\u2019administration Biden gagnerait \u00e0 renforcer et promouvoir la coop\u00e9ration s\u00e9curitaire et militaire avec le Royaume, \u00e9tant donn\u00e9 le r\u00f4le strat\u00e9gique du Maroc sur cette partie du continent.<\/p>\n<p>Quant \u00e0 elle, Elisabeth Myers a not\u00e9 que la Proclamation am\u00e9ricaine sur le Sahara constitue \u00ab\u00a0une \u00e9volution\u00a0\u00bb de la politique am\u00e9ricaine sur le dossier et une reconnaissance que le plan d\u2019autonomie est le chemin \u00e0 suivre pour la r\u00e9solution d\u2019un conflit de longue date.<\/p>\n<p>Soulignant que le Maroc repr\u00e9sente un alli\u00e9 strat\u00e9gique pour les Etats-Unis, elle a estim\u00e9 que l\u2019actuelle administration am\u00e9ricaine devrait continuer \u00e0 soutenir les efforts diplomatiques sur cette question, mais aussi dans la r\u00e9gion et au niveau multilat\u00e9ral.<\/p>\n<p>De leur c\u00f4t\u00e9, les vice-pr\u00e9sidents des deux r\u00e9gions du Sahara, Ghalla Bahiya et Mohamed Abba, ont formul\u00e9 le souhait que l\u2019administration am\u00e9ricaine continue de soutenir la souverainet\u00e9 du Maroc sur son Sahara, tout en r\u00e9it\u00e9rant l\u2019appel \u00e0 une solution politique sur la base de la proposition d\u2019autonomie.<\/p>\n<p>Ils ont \u00e9galement appel\u00e9 \u00e0 favoriser les investissements et l\u2019aide des \u00c9tats-Unis au d\u00e9veloppement de la r\u00e9gion du Sahara, et \u00e0 trouver une solution \u00e0 la situation humanitaire d\u00e9sastreuse dans les camps de Tindouf.<\/p>\n<p>Auteur: M&rsquo;hammed rahal<br \/>\n<a href=\"http:\/\/albayane.press.ma\/%EF%BB%BFsahara-marocain-un-panel-de-haut-niveau-appelle-a-soutenir-les-efforts-du-maroc.html\">Cliquez ici pour lire l&rsquo;article depuis sa source.<\/a><\/p>\n","protected":false},"excerpt":{"rendered":"<p>Lors d\u2019une rencontre organis\u00e9e par le centre am\u00e9ricain \u00abRepublic-Underground\u00bb Un panel d\u2019experts de haut niveau a appel\u00e9, mardi lors d\u2019une conf\u00e9rence, l\u2019actuelle administration am\u00e9ricaine \u00e0 soutenir les efforts du Maroc visant \u00e0 r\u00e9soudre le conflit du Sahara sur la base d\u2019une solution politique fond\u00e9e sur le plan d\u2019autonomie, comme seule solution \u00e0 ce diff\u00e9rend r\u00e9gional. [&hellip;]<\/p>\n","protected":false},"author":1760,"featured_media":0,"comment_status":"closed","ping_status":"closed","sticky":false,"template":"","format":"standard","meta":{"fifu_image_url":"","fifu_image_alt":"","footnotes":""},"categories":[73,54],"tags":[],"class_list":["post-114944","post","type-post","status-publish","format-standard","hentry","category-actualite","category-maroc"],"_links":{"self":[{"href":"https:\/\/linitiative.ca\/International\/wp-json\/wp\/v2\/posts\/114944","targetHints":{"allow":["GET"]}}],"collection":[{"href":"https:\/\/linitiative.ca\/International\/wp-json\/wp\/v2\/posts"}],"about":[{"href":"https:\/\/linitiative.ca\/International\/wp-json\/wp\/v2\/types\/post"}],"author":[{"embeddable":true,"href":"https:\/\/linitiative.ca\/International\/wp-json\/wp\/v2\/users\/1760"}],"replies":[{"embeddable":true,"href":"https:\/\/linitiative.ca\/International\/wp-json\/wp\/v2\/comments?post=114944"}],"version-history":[{"count":0,"href":"https:\/\/linitiative.ca\/International\/wp-json\/wp\/v2\/posts\/114944\/revisions"}],"wp:attachment":[{"href":"https:\/\/linitiative.ca\/International\/wp-json\/wp\/v2\/media?parent=114944"}],"wp:term":[{"taxonomy":"category","embeddable":true,"href":"https:\/\/linitiative.ca\/International\/wp-json\/wp\/v2\/categories?post=114944"},{"taxonomy":"post_tag","embeddable":true,"href":"https:\/\/linitiative.ca\/International\/wp-json\/wp\/v2\/tags?post=114944"}],"curies":[{"name":"wp","href":"https:\/\/api.w.org\/{rel}","templated":true}]}}