{"id":114946,"date":"2021-04-14T14:00:51","date_gmt":"2021-04-14T18:00:51","guid":{"rendered":"https:\/\/linitiative.ca\/International\/le-president-du-ministere-public-appelle-a-rationnaliser-lemission-des-avis-de-recherche\/"},"modified":"2021-04-14T14:00:51","modified_gmt":"2021-04-14T18:00:51","slug":"le-president-du-ministere-public-appelle-a-rationnaliser-lemission-des-avis-de-recherche","status":"publish","type":"post","link":"https:\/\/linitiative.ca\/International\/le-president-du-ministere-public-appelle-a-rationnaliser-lemission-des-avis-de-recherche\/","title":{"rendered":"Le pr\u00e9sident du minist\u00e8re public appelle \u00e0 rationnaliser l\u2019\u00e9mission des avis de recherche"},"content":{"rendered":"<p class=\"has-text-color has-vivid-cyan-blue-color c1\"><strong>Justice<\/strong><\/p>\n<p><strong>Le procureur g\u00e9n\u00e9ral du Roi pr\u00e8s la Cour de Cassation, pr\u00e9sident du minist\u00e8re public, a appel\u00e9 \u00e0 rationnaliser le recours \u00e0 l\u2019\u00e9mission des avis de recherche et \u00e0 les limiter aux cas n\u00e9cessitant la comparution de l\u2019individu concern\u00e9 devant la Justice, notamment pour sa pr\u00e9sum\u00e9e implication dans un crime ou un d\u00e9lit grave avec la pr\u00e9sence d\u2019indices ou de preuves suffisantes.<\/strong><\/p>\n<p>A cet effet, le pr\u00e9sident du minist\u00e8re public a adress\u00e9, le 12 avril courant, aux procureurs g\u00e9n\u00e9raux du Roi pr\u00e8s les Cours d\u2019appel et aux procureurs du Roi pr\u00e8s les tribunaux de premi\u00e8re instance une circulaire sur la gestion des avis de recherche, qui constituent l\u2019une des proc\u00e9dures auxquelles recourent les parquets en cas d\u2019impossibilit\u00e9 de localisation des suspects en \u00e9tat de fuite.<\/p>\n<p>La circulaire insiste sur la pond\u00e9ration dans le traitement des affaires des personnes recherch\u00e9es au moment de leur interpellation, tout en \u00e9vitant de les placer syst\u00e9matiquement en garde-\u00e0-vue, sauf si cela est requis par l\u2019enqu\u00eate et ses besoins, ainsi que sur la r\u00e9vision r\u00e9guli\u00e8re des PV class\u00e9s et ayant \u00e9t\u00e9 d\u00e9clench\u00e9s \u00e0 la base par des avis de recherche et ce, dans le souci de v\u00e9rifier la persistance des motivations juridiques \u00e0 l\u2019origine d\u2019une telle proc\u00e9dure, indique un communiqu\u00e9 de la pr\u00e9sidence.<\/p>\n<p>Il incite, en outre, \u00e0 donner des instructions portant sur l\u2019annulation de tous les avis relatifs \u00e0 des actes criminels tomb\u00e9s sous prescription, tout en tenant compte de la nature des faits reproch\u00e9s, et ceux dont les concern\u00e9s ont \u00e9t\u00e9 soit pr\u00e9sent\u00e9s au parquet ou dont les affaires font l\u2019objet d\u2019enqu\u00eate ou en instance de jugement.<\/p>\n<p>Il pr\u00e9conise, d\u2019autre part, d\u2019interagir positivement avec les requ\u00eates et dol\u00e9ances d\u2019annulation des avis de recherche et veiller \u00e0 communiquer la d\u00e9cision de leur annulation pour pr\u00e9sence de raison juridique valable.<\/p>\n<p>Au vu de l\u2019extr\u00eame importance de cette question \u00e9troitement li\u00e9e \u00e0 la protection des droits et des libert\u00e9s fondamentales, dont la mission de pr\u00e9servation incombe aux parquets, la pr\u00e9sidence du minist\u00e8re public s\u2019engage \u00e0 assurer un suivi minutieux de l\u2019application de la circulaire, dans le but de garantir la s\u00e9curit\u00e9 judiciaire des individus.<\/p>\n<p>Auteur: M&rsquo;hammed rahal<br \/>\n<a href=\"http:\/\/albayane.press.ma\/le-president-du-ministere-public-appelle-a-rationnaliser-lemission-des-avis-de-recherche.html\">Cliquez ici pour lire l&rsquo;article depuis sa source.<\/a><\/p>\n","protected":false},"excerpt":{"rendered":"<p>Justice Le procureur g\u00e9n\u00e9ral du Roi pr\u00e8s la Cour de Cassation, pr\u00e9sident du minist\u00e8re public, a appel\u00e9 \u00e0 rationnaliser le recours \u00e0 l\u2019\u00e9mission des avis de recherche et \u00e0 les limiter aux cas n\u00e9cessitant la comparution de l\u2019individu concern\u00e9 devant la Justice, notamment pour sa pr\u00e9sum\u00e9e implication dans un crime ou un d\u00e9lit grave avec [&hellip;]<\/p>\n","protected":false},"author":1760,"featured_media":0,"comment_status":"closed","ping_status":"closed","sticky":false,"template":"","format":"standard","meta":{"fifu_image_url":"","fifu_image_alt":"","footnotes":""},"categories":[73,54],"tags":[],"class_list":["post-114946","post","type-post","status-publish","format-standard","hentry","category-actualite","category-maroc"],"_links":{"self":[{"href":"https:\/\/linitiative.ca\/International\/wp-json\/wp\/v2\/posts\/114946","targetHints":{"allow":["GET"]}}],"collection":[{"href":"https:\/\/linitiative.ca\/International\/wp-json\/wp\/v2\/posts"}],"about":[{"href":"https:\/\/linitiative.ca\/International\/wp-json\/wp\/v2\/types\/post"}],"author":[{"embeddable":true,"href":"https:\/\/linitiative.ca\/International\/wp-json\/wp\/v2\/users\/1760"}],"replies":[{"embeddable":true,"href":"https:\/\/linitiative.ca\/International\/wp-json\/wp\/v2\/comments?post=114946"}],"version-history":[{"count":0,"href":"https:\/\/linitiative.ca\/International\/wp-json\/wp\/v2\/posts\/114946\/revisions"}],"wp:attachment":[{"href":"https:\/\/linitiative.ca\/International\/wp-json\/wp\/v2\/media?parent=114946"}],"wp:term":[{"taxonomy":"category","embeddable":true,"href":"https:\/\/linitiative.ca\/International\/wp-json\/wp\/v2\/categories?post=114946"},{"taxonomy":"post_tag","embeddable":true,"href":"https:\/\/linitiative.ca\/International\/wp-json\/wp\/v2\/tags?post=114946"}],"curies":[{"name":"wp","href":"https:\/\/api.w.org\/{rel}","templated":true}]}}