{"id":114947,"date":"2021-04-14T14:00:55","date_gmt":"2021-04-14T18:00:55","guid":{"rendered":"https:\/\/linitiative.ca\/International\/%ef%bb%bfel-moussali-pres-de-110-000-beneficiaires-a-fin-mars-2021\/"},"modified":"2021-04-14T14:00:55","modified_gmt":"2021-04-14T18:00:55","slug":"%ef%bb%bfel-moussali-pres-de-110-000-beneficiaires-a-fin-mars-2021","status":"publish","type":"post","link":"https:\/\/linitiative.ca\/International\/%ef%bb%bfel-moussali-pres-de-110-000-beneficiaires-a-fin-mars-2021\/","title":{"rendered":"\ufeffEl Moussali : Pr\u00e8s de 110.000 b\u00e9n\u00e9ficiaires \u00e0 fin mars 2021"},"content":{"rendered":"<p class=\"has-text-color has-vivid-cyan-blue-color c1\"><strong>Programme d\u2019aide directe aux veuves<\/strong><\/p>\n<p><strong>Quelque 110.869 personnes ont b\u00e9n\u00e9fici\u00e9 du programme d\u2019aide directe aux veuves jusqu\u2019au 26 mars 2021, a indiqu\u00e9 mardi \u00e0 Rabat, la ministre de la Solidarit\u00e9, du D\u00e9veloppement social, de l\u2019\u00c9galit\u00e9 et de la Famille, Jamila El-Moussali.<\/strong><\/p>\n<p>Le nombre de dossiers d\u00e9pos\u00e9s aupr\u00e8s des services du minist\u00e8re de l\u2019Int\u00e9rieur pour b\u00e9n\u00e9ficier des allocations n\u2019a pas d\u00e9pass\u00e9 122.000, alors que 120.000 dossiers sont parvenus au secr\u00e9tariat du comit\u00e9 central permanent, a pr\u00e9cis\u00e9 Mme El-Moussali en r\u00e9ponse \u00e0 une question orale du groupe justice et d\u00e9veloppement sur \u00ab\u00a0la faiblesse d\u2019information sur le programme d\u2019aide directe aux veuves\u00a0\u00bb, lors de la s\u00e9ance hebdomadaire des questions orales \u00e0 la Chambre des conseillers.<\/p>\n<p>La ministre a ajout\u00e9 que 193.000 orphelins et orphelines sans prise en charge et sans revenu ont b\u00e9n\u00e9fici\u00e9 de ce programme, ajoutant que le nombre des scolaris\u00e9s b\u00e9n\u00e9ficiant d\u2019un soutien gr\u00e2ce \u00e0 ce programme a atteint 147.000, dont 12.300 enfants en situation de handicap qui b\u00e9n\u00e9ficient des allocations sans condition de scolarisation.<\/p>\n<p>La gestion du programme avec le nouveau syst\u00e8me de ciblage est en cours de mise en \u0153uvre, a not\u00e9 la responsable gouvernementale, soulignant que le programme d\u2019aide directe aux veuves est concern\u00e9 par le dispositif de ciblage, \u00e0 travers le registre social unique pour garantir sa continuit\u00e9.<\/p>\n<p>La ministre n\u2019a pas manqu\u00e9 de souligner l\u2019importance du programme, financ\u00e9 \u00e0 hauteur de 2,876 MMDH depuis son lancement en 2015, notant qu\u2019un certain nombre de veuves ont pu, gr\u00e2ce \u00e0 ce programme, accompagner leurs enfants scolaris\u00e9s et am\u00e9liorer leur situation.<\/p>\n<p>Auteur: M&rsquo;hammed rahal<br \/>\n<a href=\"http:\/\/albayane.press.ma\/%EF%BB%BFel-moussali-pres-de-110-000-beneficiaires-a-fin-mars-2021.html\">Cliquez ici pour lire l&rsquo;article depuis sa source.<\/a><\/p>\n","protected":false},"excerpt":{"rendered":"<p>Programme d\u2019aide directe aux veuves Quelque 110.869 personnes ont b\u00e9n\u00e9fici\u00e9 du programme d\u2019aide directe aux veuves jusqu\u2019au 26 mars 2021, a indiqu\u00e9 mardi \u00e0 Rabat, la ministre de la Solidarit\u00e9, du D\u00e9veloppement social, de l\u2019\u00c9galit\u00e9 et de la Famille, Jamila El-Moussali. Le nombre de dossiers d\u00e9pos\u00e9s aupr\u00e8s des services du minist\u00e8re de l\u2019Int\u00e9rieur pour b\u00e9n\u00e9ficier [&hellip;]<\/p>\n","protected":false},"author":1760,"featured_media":0,"comment_status":"closed","ping_status":"closed","sticky":false,"template":"","format":"standard","meta":{"fifu_image_url":"","fifu_image_alt":"","footnotes":""},"categories":[73,54],"tags":[],"class_list":["post-114947","post","type-post","status-publish","format-standard","hentry","category-actualite","category-maroc"],"_links":{"self":[{"href":"https:\/\/linitiative.ca\/International\/wp-json\/wp\/v2\/posts\/114947","targetHints":{"allow":["GET"]}}],"collection":[{"href":"https:\/\/linitiative.ca\/International\/wp-json\/wp\/v2\/posts"}],"about":[{"href":"https:\/\/linitiative.ca\/International\/wp-json\/wp\/v2\/types\/post"}],"author":[{"embeddable":true,"href":"https:\/\/linitiative.ca\/International\/wp-json\/wp\/v2\/users\/1760"}],"replies":[{"embeddable":true,"href":"https:\/\/linitiative.ca\/International\/wp-json\/wp\/v2\/comments?post=114947"}],"version-history":[{"count":0,"href":"https:\/\/linitiative.ca\/International\/wp-json\/wp\/v2\/posts\/114947\/revisions"}],"wp:attachment":[{"href":"https:\/\/linitiative.ca\/International\/wp-json\/wp\/v2\/media?parent=114947"}],"wp:term":[{"taxonomy":"category","embeddable":true,"href":"https:\/\/linitiative.ca\/International\/wp-json\/wp\/v2\/categories?post=114947"},{"taxonomy":"post_tag","embeddable":true,"href":"https:\/\/linitiative.ca\/International\/wp-json\/wp\/v2\/tags?post=114947"}],"curies":[{"name":"wp","href":"https:\/\/api.w.org\/{rel}","templated":true}]}}