{"id":114948,"date":"2021-04-14T14:00:57","date_gmt":"2021-04-14T18:00:57","guid":{"rendered":"https:\/\/linitiative.ca\/International\/%ef%bb%bfcovid-19-les-eurodeputes-reclament-des-clarifications\/"},"modified":"2021-04-14T14:00:57","modified_gmt":"2021-04-14T18:00:57","slug":"%ef%bb%bfcovid-19-les-eurodeputes-reclament-des-clarifications","status":"publish","type":"post","link":"https:\/\/linitiative.ca\/International\/%ef%bb%bfcovid-19-les-eurodeputes-reclament-des-clarifications\/","title":{"rendered":"\ufeffCovid-19: les eurod\u00e9put\u00e9s r\u00e9clament des clarifications"},"content":{"rendered":"<p class=\"has-text-color has-vivid-cyan-blue-color c1\"><strong>Certificat vert num\u00e9rique ou passeport vaccinal<\/strong><\/p>\n<p><strong>Les d\u00e9put\u00e9s de la Commission des libert\u00e9s civiles au Parlement europ\u00e9en ont r\u00e9clam\u00e9 des clarifications sur le projet de certificat vert num\u00e9rique qui vise \u00e0 faciliter la circulation dans l\u2019UE et \u00e0 relancer le tourisme dans le contexte de la pand\u00e9mie de Covid-19, \u00e0 l\u2019occasion d\u2019un d\u00e9bat mardi avec le commissaire europ\u00e9en en charge de la justice, Didier Reynders.<\/strong><\/p>\n<p>Plusieurs eurod\u00e9put\u00e9s ont mis en garde contre la possibilit\u00e9 que ce certificat ne devienne de facto une condition pr\u00e9alable pour voyager en Europe, ce qui compromettrait l\u2019objectif de faciliter la libert\u00e9 de circulation. Ils ont ainsi exhort\u00e9 la Commission europ\u00e9enne, qui a propos\u00e9 le projet du certificat, \u00e0 demeurer vigilante et \u00e0 faire respecter la libert\u00e9 de circulation par les \u00c9tats membres.<\/p>\n<p>Ils ont \u00e9galement point\u00e9 du doigt l\u2019absence de consensus concernant la question de l\u2019immunit\u00e9 acquise et ont soulign\u00e9 que l\u2019ex\u00e9cutif europ\u00e9en devra prendre en compte les futurs d\u00e9veloppements scientifiques et les normes internationales lors de la conception du certificat. La question des personnes ayant re\u00e7u une injection de vaccin actuellement non reconnu par l\u2019Agence europ\u00e9enne des m\u00e9dicaments a \u00e9galement \u00e9t\u00e9 soulev\u00e9e lors du d\u00e9bat.<\/p>\n<p>En \u00e9voquant plusieurs initiatives nationales pr\u00e9voyant l\u2019utilisation de certificats de sant\u00e9, certains d\u00e9put\u00e9s ont demand\u00e9 des clarifications sur le lien entre le certificat de l\u2019UE et de telles initiatives nationales. Des d\u00e9put\u00e9s ont \u00e9galement rappel\u00e9 que les citoyens devaient avoir de fa\u00e7on urgente acc\u00e8s \u00e0 des tests PCR abordables afin d\u2019\u00e9viter une possible discrimination \u00e0 l\u2019encontre des personnes non-vaccin\u00e9es.<\/p>\n<p>Le commissaire europ\u00e9en Didier Reynders a pour sa part rappel\u00e9 que la proposition de l\u2019ex\u00e9cutif europ\u00e9en visait \u00e0 faciliter la libert\u00e9 de circulation et la non-discrimination entre les citoyens de l\u2019UE, via la cr\u00e9ation de certificats num\u00e9riques ou papier gratuits relatifs \u00e0 la vaccination contre le Covid-19, aux tests et \u00e0 la gu\u00e9rison, qui seraient limit\u00e9s \u00e0 la dur\u00e9e de la pand\u00e9mie.<\/p>\n<p>Didier Reynders a assur\u00e9 aux d\u00e9put\u00e9s que la Commission serait en mesure de mettre en place l\u2019infrastructure num\u00e9rique n\u00e9cessaire d\u2019ici fin juin et qu\u2019il n\u2019y aurait pas de base de donn\u00e9es centrale cr\u00e9\u00e9e au niveau de l\u2019UE.<\/p>\n<p>Auteur: M&rsquo;hammed rahal<br \/>\n<a href=\"http:\/\/albayane.press.ma\/%EF%BB%BFcovid-19-les-eurodeputes-reclament-des-clarifications.html\">Cliquez ici pour lire l&rsquo;article depuis sa source.<\/a><\/p>\n","protected":false},"excerpt":{"rendered":"<p>Certificat vert num\u00e9rique ou passeport vaccinal Les d\u00e9put\u00e9s de la Commission des libert\u00e9s civiles au Parlement europ\u00e9en ont r\u00e9clam\u00e9 des clarifications sur le projet de certificat vert num\u00e9rique qui vise \u00e0 faciliter la circulation dans l\u2019UE et \u00e0 relancer le tourisme dans le contexte de la pand\u00e9mie de Covid-19, \u00e0 l\u2019occasion d\u2019un d\u00e9bat mardi avec [&hellip;]<\/p>\n","protected":false},"author":1760,"featured_media":0,"comment_status":"closed","ping_status":"closed","sticky":false,"template":"","format":"standard","meta":{"fifu_image_url":"","fifu_image_alt":"","footnotes":""},"categories":[73,54],"tags":[],"class_list":["post-114948","post","type-post","status-publish","format-standard","hentry","category-actualite","category-maroc"],"_links":{"self":[{"href":"https:\/\/linitiative.ca\/International\/wp-json\/wp\/v2\/posts\/114948","targetHints":{"allow":["GET"]}}],"collection":[{"href":"https:\/\/linitiative.ca\/International\/wp-json\/wp\/v2\/posts"}],"about":[{"href":"https:\/\/linitiative.ca\/International\/wp-json\/wp\/v2\/types\/post"}],"author":[{"embeddable":true,"href":"https:\/\/linitiative.ca\/International\/wp-json\/wp\/v2\/users\/1760"}],"replies":[{"embeddable":true,"href":"https:\/\/linitiative.ca\/International\/wp-json\/wp\/v2\/comments?post=114948"}],"version-history":[{"count":0,"href":"https:\/\/linitiative.ca\/International\/wp-json\/wp\/v2\/posts\/114948\/revisions"}],"wp:attachment":[{"href":"https:\/\/linitiative.ca\/International\/wp-json\/wp\/v2\/media?parent=114948"}],"wp:term":[{"taxonomy":"category","embeddable":true,"href":"https:\/\/linitiative.ca\/International\/wp-json\/wp\/v2\/categories?post=114948"},{"taxonomy":"post_tag","embeddable":true,"href":"https:\/\/linitiative.ca\/International\/wp-json\/wp\/v2\/tags?post=114948"}],"curies":[{"name":"wp","href":"https:\/\/api.w.org\/{rel}","templated":true}]}}