{"id":114950,"date":"2021-04-15T05:19:13","date_gmt":"2021-04-15T09:19:13","guid":{"rendered":"https:\/\/linitiative.ca\/International\/renforcer-lecosysteme-institutionnel-pour-accompagner-les-entrepreneurs-tunisiens\/"},"modified":"2021-04-15T05:19:13","modified_gmt":"2021-04-15T09:19:13","slug":"renforcer-lecosysteme-institutionnel-pour-accompagner-les-entrepreneurs-tunisiens","status":"publish","type":"post","link":"https:\/\/linitiative.ca\/International\/renforcer-lecosysteme-institutionnel-pour-accompagner-les-entrepreneurs-tunisiens\/","title":{"rendered":"Renforcer l\u2019\u00e9cosyst\u00e8me institutionnel pour accompagner les entrepreneurs tunisiens"},"content":{"rendered":"<div class=\"td-post-content\">\n<h2>\u00ab Si on me donnait six heures pour abattre un arbre, je passerais la premi\u00e8re \u00e0 aff\u00fbter la hache. \u00bb. Disait l\u2019illustre Abraham Lincoln.\u00a0Autrement dit, se mettre dans les bonnes conditions est une des cl\u00e9s du succ\u00e8s d\u2019un projet. C\u2019est pr\u00e9cis\u00e9ment la philosophie de l\u2019action de\u00a0<a href=\"https:\/\/www.ceed-tunisia.tn\/\" target=\"_blank\" rel=\"noopener noreferrer\">CEED Tunisie<\/a>\u00a0en faveur de l\u2019entrepreneuriat, des entrepreneurs et de la cr\u00e9ation d\u2019emplois et de l\u2019innovation.<\/h2>\n<p>En effet, CEED Tunisie poursuit son projet \u00ab RAED + Creating Perspectives \u00bb d\u2019am\u00e9lioration de l\u2019\u00e9cosyst\u00e8me des gouvernorats de Tataouine, Medenine et Kebili. Et ce en partenariat avec \u00ab Hilfswerk International \u00bb et \u00ab Skills to succeed \u00bb. Pour r\u00e9aliser son objectif, il b\u00e9n\u00e9ficie du soutien financier du minist\u00e8re autrichien de l\u2019Int\u00e9rieur. Les entrepreneurs sont au centre de ses actions.<\/p>\n<p>Derni\u00e8re action en date\u00a0: CEED Tunisie a men\u00e9 du 1<sup>er<\/sup>\u00a0au 4 avril une s\u00e9rie d\u2019ateliers \u00e0 destination des acteurs institutionnels. Ces formations visent \u00e0 impliquer davantage l\u2019\u00e9cosyst\u00e8me r\u00e9gional et \u00e0 favoriser le travail en synergie entre acteurs publics et priv\u00e9s. L\u2019objectif \u00e9tant de mieux servir les entrepreneurs et cr\u00e9er dans ces r\u00e9gions les conditions ad\u00e9quates \u00e0 l\u2019\u00e9mergence d\u2019une culture entrepreneuriale.<\/p>\n<h2>Des comp\u00e9tences nouvelles au service de l\u2019entrepreneuriat<\/h2>\n<p>Des membres des principales structures de l\u2019environnement \u00e9conomique de ces r\u00e9gions (APIA, UTICA, Centre d\u2019affaires,\u00a0<a href=\"http:\/\/www.leconomistemaghrebin.com\/2019\/11\/12\/aneti-emploi-objectifs-vision-2030\/\" target=\"_blank\" rel=\"noopener noreferrer\">ANETI<\/a>\u00a0et p\u00e9pini\u00e8re d\u2019entreprises) ont ainsi b\u00e9n\u00e9fici\u00e9 de 6 ateliers de renforcement de capacit\u00e9s dans leur r\u00f4le d\u2019appuis aux entrepreneurs.<\/p>\n<p>D\u2019ailleurs, ces formations couvrent divers aspects de leurs missions. Allant des bases de la communication interpersonnelle, \u00e0 la sensibilisation, \u00e0 l\u2019importance des objectifs, en passant par la m\u00e9thodologie de suivi et d\u2019accompagnement des entrepreneurs.<\/p>\n<p>Au cours de cette session, les participants ont eu l\u2019occasion de d\u00e9couvrir un large \u00e9ventail de m\u00e9thodes et d\u2019outils de coaching, notamment \u00e0 travers des mises en situation et des jeux de r\u00f4les. D\u2019ailleurs, ces acquis vont leur permettre de mieux comprendre les besoins des entrepreneurs et de mieux y r\u00e9pondre, rendant ainsi la d\u00e9marche entrepreneuriale plus ais\u00e9e.<\/p>\n<h2>D\u00e9j\u00e0 pr\u00e8s de 1\u2009200 b\u00e9n\u00e9ficiaires dans 15 r\u00e9gions<\/h2>\n<p>Cr\u00e9\u00e9e en 2014, CEED Tunisie est membre du r\u00e9seau international du CEED. C\u2019est une organisation non gouvernementale qui accompagne les entrepreneurs pour le d\u00e9veloppement de leur entreprise dans les march\u00e9s \u00e9mergents. Depuis sa cr\u00e9ation, CEED Tunisie a accompagn\u00e9 pr\u00e8s de 1\u2009200 entrepreneurs dans 15 r\u00e9gions. CEED Tunisie met l\u2019accent sur le d\u00e9veloppement inclusif.<\/p>\n<\/div>\n<footer>\n<div class=\"td-post-source-tags\">\n<ul class=\"td-tags td-post-small-box clearfix\">\n<li>leconomistemaghrebin<\/li>\n<\/ul>\n<\/div>\n<\/footer>\n<div class=\"wp-post-author-wrap wp-post-author-shortcode left\">\n<h3 class=\"awpa-title\"\/>\n<div class=\"wp-post-author\">\n<div class=\"awpa-img awpa-author-block square\"><a href=\"http:\/\/lexpertjournal.net\/fr\/?author=5\"><img loading=\"lazy\" decoding=\"async\" alt=\"\" src=\"http:\/\/0.gravatar.com\/avatar\/97f8e10a1c1125ba104a76514ee07b16?s=150&amp;d=mm&amp;r=g\" srcset=\"http:\/\/0.gravatar.com\/avatar\/97f8e10a1c1125ba104a76514ee07b16?s=300&amp;d=mm&amp;r=g 2x\" class=\"avatar avatar-150 photo\" height=\"150\" width=\"150\"\/><\/a><\/div>\n<\/div>\n<\/div>\n<aside class=\"mashsb-container mashsb-main mashsb-stretched\">\n<\/aside>\n<p>Auteur: L&rsquo;expert<br \/>\n<a href=\"http:\/\/lexpertjournal.net\/fr\/?p=19653\">Cliquez ici pour lire l&rsquo;article depuis sa source.<\/a><\/p>\n","protected":false},"excerpt":{"rendered":"<p>\u00ab Si on me donnait six heures pour abattre un arbre, je passerais la premi\u00e8re \u00e0 aff\u00fbter la hache. \u00bb. Disait l\u2019illustre Abraham Lincoln.\u00a0Autrement dit, se mettre dans les bonnes conditions est une des cl\u00e9s du succ\u00e8s d\u2019un projet. C\u2019est pr\u00e9cis\u00e9ment la philosophie de l\u2019action de\u00a0CEED Tunisie\u00a0en faveur de l\u2019entrepreneuriat, des entrepreneurs et de la [&hellip;]<\/p>\n","protected":false},"author":1775,"featured_media":0,"comment_status":"closed","ping_status":"closed","sticky":false,"template":"","format":"standard","meta":{"fifu_image_url":"http:\/\/0.gravatar.com\/avatar\/97f8e10a1c1125ba104a76514ee07b16?s=150&d=mm&r=g","fifu_image_alt":"Renforcer l\u2019\u00e9cosyst\u00e8me institutionnel pour accompagner les entrepreneurs tunisiens","footnotes":""},"categories":[78,55],"tags":[],"class_list":["post-114950","post","type-post","status-publish","format-standard","hentry","category-economie","category-tunisie"],"_links":{"self":[{"href":"https:\/\/linitiative.ca\/International\/wp-json\/wp\/v2\/posts\/114950","targetHints":{"allow":["GET"]}}],"collection":[{"href":"https:\/\/linitiative.ca\/International\/wp-json\/wp\/v2\/posts"}],"about":[{"href":"https:\/\/linitiative.ca\/International\/wp-json\/wp\/v2\/types\/post"}],"author":[{"embeddable":true,"href":"https:\/\/linitiative.ca\/International\/wp-json\/wp\/v2\/users\/1775"}],"replies":[{"embeddable":true,"href":"https:\/\/linitiative.ca\/International\/wp-json\/wp\/v2\/comments?post=114950"}],"version-history":[{"count":0,"href":"https:\/\/linitiative.ca\/International\/wp-json\/wp\/v2\/posts\/114950\/revisions"}],"wp:attachment":[{"href":"https:\/\/linitiative.ca\/International\/wp-json\/wp\/v2\/media?parent=114950"}],"wp:term":[{"taxonomy":"category","embeddable":true,"href":"https:\/\/linitiative.ca\/International\/wp-json\/wp\/v2\/categories?post=114950"},{"taxonomy":"post_tag","embeddable":true,"href":"https:\/\/linitiative.ca\/International\/wp-json\/wp\/v2\/tags?post=114950"}],"curies":[{"name":"wp","href":"https:\/\/api.w.org\/{rel}","templated":true}]}}