{"id":114952,"date":"2021-04-15T07:07:47","date_gmt":"2021-04-15T11:07:47","guid":{"rendered":"https:\/\/linitiative.ca\/International\/atef-majdoub-le-secteur-public-ne-peut-pas-a-lui-seul-gerer-les-ressources-en-eau\/"},"modified":"2021-04-15T07:07:47","modified_gmt":"2021-04-15T11:07:47","slug":"atef-majdoub-le-secteur-public-ne-peut-pas-a-lui-seul-gerer-les-ressources-en-eau","status":"publish","type":"post","link":"https:\/\/linitiative.ca\/International\/atef-majdoub-le-secteur-public-ne-peut-pas-a-lui-seul-gerer-les-ressources-en-eau\/","title":{"rendered":"Atef Majdoub :  \u00bb Le secteur public ne peut pas \u00e0 lui seul g\u00e9rer les ressources en eau \u00bb"},"content":{"rendered":"<div class=\"td-post-content\">\n<h2>Le pr\u00e9sident de l\u2019<a href=\"http:\/\/www.igppp.tn\/fr\" target=\"_blank\" rel=\"noopener noreferrer\">Instance G\u00e9n\u00e9rale du Partenariat Public Priv\u00e9 (IGPPP)<\/a>, Atef Majdoub, a r\u00e9pondu \u00e0 la question \u00ab\u00a0A-t-on besoin d\u2019un Partenariat Public-Priv\u00e9 (PPP) dans la gestion durable de l\u2019eau en Tunisie ?\u00a0\u00bb, lors du\u00a0<a href=\"http:\/\/www.leconomistemaghrebin.com\/2021\/04\/15\/akissa-bahri-bilan-strategie-publique-eau\/\" target=\"_blank\" rel=\"noopener noreferrer\">webinaire<\/a>\u00a0\u00ab La gestion durable et inclusive de l\u2019eau en Tunisie \u00bb.<\/h2>\n<p>Au cours de son intervention, Atef Majdoub a expliqu\u00e9 que le secteur public a besoin du PPP.<\/p>\n<p>Le responsable a rappel\u00e9 que la Tunisie s\u2019est lanc\u00e9e depuis des ann\u00e9es dans l\u2019octroi de contrat de sous-traitance au secteur priv\u00e9. Ces contrats ont port\u00e9 sur des op\u00e9rations d\u2019\u00e9puration et de pompage d\u2019eau.<\/p>\n<p>Il a pr\u00e9cis\u00e9 que le PPP a d\u00e9j\u00e0 port\u00e9 sur les ressources hydrauliques. N\u00e9anmoins, l\u2019exp\u00e9rience, selon lui, reste timide. Ceci r\u00e9sulte de la courte dur\u00e9e des contrats. Par cons\u00e9quent les op\u00e9rateurs priv\u00e9s ne se projettent pas dans le moyen et long terme et n\u2019envisagent pas d\u2019investir.<\/p>\n<p>Concernant les projets d\u00e9j\u00e0 entam\u00e9s dans le secteur de l\u2019eau, Atef Majdoub a estim\u00e9 qu\u2019il s\u2019agissait d\u2019un secteur difficile. \u00ab\u00a0Nous aurions pu commencer par un autre secteur tel que les \u00e9nergies! Nous avons choisi l\u2019eau vu l\u2019importance et la sensibilit\u00e9 de cette ressource.\u00a0\u00bb a-t-il signal\u00e9.<\/p>\n<p>\u00ab\u00a0Nos deux op\u00e9rateurs publics, l\u2019ONAS et la SONEDE, ont beaucoup fait pour le pays. Nous devons, maintenant, leur apporter un appui du secteur priv\u00e9 pour \u00e9pauler l\u2019Etat et l\u2019accompagner\u00a0\u00bb a-t-il poursuivi.<\/p>\n<p>Par ailleurs, Atef Majdoub a pr\u00e9cis\u00e9 que le cadre du PPP conjugu\u00e9 avec le code des eaux permet le partenariat dans ce domaine. Ainsi, des op\u00e9rations ont d\u00e9j\u00e0 eu lieu. Il a cit\u00e9 l\u2019exemple du projet d\u2019assainissement \u00e0 El Hassiane (Gouvernorat de l\u2019Ariana). Il a \u00e9galement mentionn\u00e9 un projet concernant le Groupe Chimique Tunisien (GCT). \u00ab\u00a0Nous avons pens\u00e9 \u00e0 monter une station de dessalement pour le compte du groupe pour pr\u00e9server la nappe phr\u00e9atique.<\/p>\n<\/div>\n<footer>\n<div class=\"td-post-source-tags\">\n<ul class=\"td-tags td-post-small-box clearfix\">\n<li>leconomistemaghrebin<\/li>\n<\/ul>\n<\/div>\n<\/footer>\n<div class=\"wp-post-author-wrap wp-post-author-shortcode left\">\n<h3 class=\"awpa-title\"\/>\n<div class=\"wp-post-author\">\n<div class=\"awpa-img awpa-author-block square\"><a href=\"http:\/\/lexpertjournal.net\/fr\/?author=5\"><img loading=\"lazy\" decoding=\"async\" alt=\"\" src=\"http:\/\/0.gravatar.com\/avatar\/97f8e10a1c1125ba104a76514ee07b16?s=150&amp;d=mm&amp;r=g\" srcset=\"http:\/\/0.gravatar.com\/avatar\/97f8e10a1c1125ba104a76514ee07b16?s=300&amp;d=mm&amp;r=g 2x\" class=\"avatar avatar-150 photo\" height=\"150\" width=\"150\"\/><\/a><\/div>\n<\/div>\n<\/div>\n<aside class=\"mashsb-container mashsb-main mashsb-stretched\">\n<\/aside>\n<p>Auteur: L&rsquo;expert<br \/>\n<a href=\"http:\/\/lexpertjournal.net\/fr\/?p=19660\">Cliquez ici pour lire l&rsquo;article depuis sa source.<\/a><\/p>\n","protected":false},"excerpt":{"rendered":"<p>Le pr\u00e9sident de l\u2019Instance G\u00e9n\u00e9rale du Partenariat Public Priv\u00e9 (IGPPP), Atef Majdoub, a r\u00e9pondu \u00e0 la question \u00ab\u00a0A-t-on besoin d\u2019un Partenariat Public-Priv\u00e9 (PPP) dans la gestion durable de l\u2019eau en Tunisie ?\u00a0\u00bb, lors du\u00a0webinaire\u00a0\u00ab La gestion durable et inclusive de l\u2019eau en Tunisie \u00bb. Au cours de son intervention, Atef Majdoub a expliqu\u00e9 que le [&hellip;]<\/p>\n","protected":false},"author":1775,"featured_media":0,"comment_status":"closed","ping_status":"closed","sticky":false,"template":"","format":"standard","meta":{"fifu_image_url":"http:\/\/0.gravatar.com\/avatar\/97f8e10a1c1125ba104a76514ee07b16?s=150&d=mm&r=g","fifu_image_alt":"Atef Majdoub :  \u00bb Le secteur public ne peut pas \u00e0 lui seul g\u00e9rer les ressources en eau \u00bb","footnotes":""},"categories":[78,55],"tags":[],"class_list":["post-114952","post","type-post","status-publish","format-standard","hentry","category-economie","category-tunisie"],"_links":{"self":[{"href":"https:\/\/linitiative.ca\/International\/wp-json\/wp\/v2\/posts\/114952","targetHints":{"allow":["GET"]}}],"collection":[{"href":"https:\/\/linitiative.ca\/International\/wp-json\/wp\/v2\/posts"}],"about":[{"href":"https:\/\/linitiative.ca\/International\/wp-json\/wp\/v2\/types\/post"}],"author":[{"embeddable":true,"href":"https:\/\/linitiative.ca\/International\/wp-json\/wp\/v2\/users\/1775"}],"replies":[{"embeddable":true,"href":"https:\/\/linitiative.ca\/International\/wp-json\/wp\/v2\/comments?post=114952"}],"version-history":[{"count":0,"href":"https:\/\/linitiative.ca\/International\/wp-json\/wp\/v2\/posts\/114952\/revisions"}],"wp:attachment":[{"href":"https:\/\/linitiative.ca\/International\/wp-json\/wp\/v2\/media?parent=114952"}],"wp:term":[{"taxonomy":"category","embeddable":true,"href":"https:\/\/linitiative.ca\/International\/wp-json\/wp\/v2\/categories?post=114952"},{"taxonomy":"post_tag","embeddable":true,"href":"https:\/\/linitiative.ca\/International\/wp-json\/wp\/v2\/tags?post=114952"}],"curies":[{"name":"wp","href":"https:\/\/api.w.org\/{rel}","templated":true}]}}