{"id":114954,"date":"2021-04-15T08:46:25","date_gmt":"2021-04-15T12:46:25","guid":{"rendered":"https:\/\/linitiative.ca\/International\/averses-orageuses-localement-fortes-et-rafales-de-vent-jeudi\/"},"modified":"2021-04-15T08:46:25","modified_gmt":"2021-04-15T12:46:25","slug":"averses-orageuses-localement-fortes-et-rafales-de-vent-jeudi","status":"publish","type":"post","link":"https:\/\/linitiative.ca\/International\/averses-orageuses-localement-fortes-et-rafales-de-vent-jeudi\/","title":{"rendered":"Averses orageuses localement fortes et rafales de vent jeudi"},"content":{"rendered":"<div class=\"single-featured\"><img alt=\"\" data-src=\"http:\/\/www.mapmarrakech.ma\/map\/uploads\/2021\/02\/pluie-MAP.jpg\"\/><\/div>\n<div class=\"single-post-excerpt post-excerpt-bc\" readability=\"34\">\n<p>Des averses orageuses localement fortes et de fortes rafales de vent sont attendues jeudi dans plusieurs provinces du Royaume, a annonc\u00e9 mercredi la Direction g\u00e9n\u00e9rale de la m\u00e9t\u00e9orologie (DGM).<\/p>\n<\/div>\n<div class=\"entry-content clearfix single-post-content\" readability=\"60\">\n<p>Ainsi, de fortes averses orageuses de niveau de vigilance orange sont pr\u00e9vues jeudi de 11H \u00e0 21H dans les provinces d\u2019Al Haouz, Azilal et Chichaoua, a pr\u00e9cis\u00e9 la DGM dans un bulletin m\u00e9t\u00e9orologique sp\u00e9cial.<\/p>\n<p>Des averses orageuses mod\u00e9r\u00e9es int\u00e9resseront, durant la m\u00eame validit\u00e9, les provinces de Berkane, Nador, Oujda-Angad, Sefrou, Taounate et Taza, a ajout\u00e9 la m\u00eame source, notant que ces averses orageuses seront accompagn\u00e9es localement par des chutes de gr\u00eale et des rafales de vents sous orages.<\/p>\n<p>De fortes rafales de vent de niveau de vigilance orange (75 \u00e0 85 km\/h) concerneront ce jeudi les provinces d\u2019Agadir-Ida-Ou-Tanane, Errachidia, Figuig, Inezgane-A\u00eft Melloul, Ouarzazate, Taroudant et Tata, selon le bulletin m\u00e9t\u00e9orologique.<\/p>\n<\/div>\n<p>Auteur: Meriem IGASS<br \/>\n<a href=\"http:\/\/www.mapmarrakech.ma\/fr\/averses-orageuses-localement-fortes-et-rafales-de-vent-jeudi\/\">Cliquez ici pour lire l&rsquo;article depuis sa source.<\/a><\/p>\n","protected":false},"excerpt":{"rendered":"<p>Des averses orageuses localement fortes et de fortes rafales de vent sont attendues jeudi dans plusieurs provinces du Royaume, a annonc\u00e9 mercredi la Direction g\u00e9n\u00e9rale de la m\u00e9t\u00e9orologie (DGM). Ainsi, de fortes averses orageuses de niveau de vigilance orange sont pr\u00e9vues jeudi de 11H \u00e0 21H dans les provinces d\u2019Al Haouz, Azilal et Chichaoua, a [&hellip;]<\/p>\n","protected":false},"author":1788,"featured_media":0,"comment_status":"closed","ping_status":"closed","sticky":false,"template":"","format":"standard","meta":{"fifu_image_url":"http:\/\/www.mapmarrakech.ma\/map\/uploads\/2021\/02\/pluie-MAP.jpg","fifu_image_alt":"Averses orageuses localement fortes et rafales de vent jeudi","footnotes":""},"categories":[54,76],"tags":[],"class_list":["post-114954","post","type-post","status-publish","format-standard","hentry","category-maroc","category-regions"],"_links":{"self":[{"href":"https:\/\/linitiative.ca\/International\/wp-json\/wp\/v2\/posts\/114954","targetHints":{"allow":["GET"]}}],"collection":[{"href":"https:\/\/linitiative.ca\/International\/wp-json\/wp\/v2\/posts"}],"about":[{"href":"https:\/\/linitiative.ca\/International\/wp-json\/wp\/v2\/types\/post"}],"author":[{"embeddable":true,"href":"https:\/\/linitiative.ca\/International\/wp-json\/wp\/v2\/users\/1788"}],"replies":[{"embeddable":true,"href":"https:\/\/linitiative.ca\/International\/wp-json\/wp\/v2\/comments?post=114954"}],"version-history":[{"count":0,"href":"https:\/\/linitiative.ca\/International\/wp-json\/wp\/v2\/posts\/114954\/revisions"}],"wp:attachment":[{"href":"https:\/\/linitiative.ca\/International\/wp-json\/wp\/v2\/media?parent=114954"}],"wp:term":[{"taxonomy":"category","embeddable":true,"href":"https:\/\/linitiative.ca\/International\/wp-json\/wp\/v2\/categories?post=114954"},{"taxonomy":"post_tag","embeddable":true,"href":"https:\/\/linitiative.ca\/International\/wp-json\/wp\/v2\/tags?post=114954"}],"curies":[{"name":"wp","href":"https:\/\/api.w.org\/{rel}","templated":true}]}}