{"id":114959,"date":"2021-04-15T10:28:11","date_gmt":"2021-04-15T14:28:11","guid":{"rendered":"https:\/\/linitiative.ca\/International\/qualite-du-ble-le-coup-de-gueule-de-la-comader\/"},"modified":"2021-04-15T10:28:11","modified_gmt":"2021-04-15T14:28:11","slug":"qualite-du-ble-le-coup-de-gueule-de-la-comader","status":"publish","type":"post","link":"https:\/\/linitiative.ca\/International\/qualite-du-ble-le-coup-de-gueule-de-la-comader\/","title":{"rendered":"Qualit\u00e9 du bl\u00e9: Le coup de gueule de la COMADER"},"content":{"rendered":"<p class=\"rtejustify\">La Conf\u00e9d\u00e9ration marocaine de l&rsquo;Agriculture et du d\u00e9veloppement rural (COMADER) a r\u00e9agi apr\u00e8s des d\u00e9clarations remettant en question la qualit\u00e9 du bl\u00e9 marocain et du pain consomm\u00e9 au niveau national.<\/p>\n<p class=\"rtejustify\">La Conf\u00e9d\u00e9ration a r\u00e9fut\u00e9, mercredi, les d\u00e9clarations concernant la qualit\u00e9 du bl\u00e9 marocain et du pain consomm\u00e9 par les Marocains. \u00ab\u00a0C&rsquo;est avec un grand \u00e9tonnement que la COMADER a pris connaissance des d\u00e9clarations irresponsables qui ont trait \u00e0 la qualit\u00e9 du pain consomm\u00e9 par les marocains\u00a0\u00bb, indique la Conf\u00e9d\u00e9ration dans un communiqu\u00e9. Elle d\u00e9nonce qui, \u00ab\u00a0la gravit\u00e9 de ces d\u00e9clarations et leur caract\u00e8re fallacieux et calomnieux\u00a0\u00bb. \u00ab\u00a0Ces d\u00e9clarations remettent en cause sans aucun fondement les efforts fournis par les agriculteurs marocains en g\u00e9n\u00e9ral et les petits d&rsquo;entre eux en particulier, tout en sachant que la culture des c\u00e9r\u00e9ales repr\u00e9sente la principale source de leurs revenus\u00a0\u00bb, d\u00e9plore ainsi la Conf\u00e9d\u00e9ration.<\/p>\n<p class=\"rtejustify\">Ces d\u00e9clarations font fi intentionnellement de l&rsquo;intelligence du consommateur marocain, souligne la COMADER, martelant que le Maroc est connu, tant au niveau national qu&rsquo;international, par la richesse de son art culinaire ancestral, dont le pain repr\u00e9sente l&rsquo;un de ses piliers principaux.<\/p>\n<p class=\"rtejustify\">\u00ab\u00a0\u00c0 ce titre, nous estimons que le consommateur marocain est le mieux plac\u00e9 pour appr\u00e9cier \u00e0 sa juste valeur la qualit\u00e9 de la farine qu&rsquo;il utilise ou celle du pain qu&rsquo;il acquiert des boulangeries tant modernes qu&rsquo;artisanales\u00a0\u00bb, ajoute \u00e9galement la Conf\u00e9d\u00e9ration.<\/p>\n<p class=\"rtejustify\">\u00a0<\/p>\n<p>Auteur: mbasraoui<br \/>\n<a href=\"https:\/\/www.leconomiste.com\/flash-infos\/qualite-du-ble-le-coup-de-gueule-de-la-comader\">Cliquez ici pour lire l&rsquo;article depuis sa source.<\/a><\/p>\n","protected":false},"excerpt":{"rendered":"<p>La Conf\u00e9d\u00e9ration marocaine de l&rsquo;Agriculture et du d\u00e9veloppement rural (COMADER) a r\u00e9agi apr\u00e8s des d\u00e9clarations remettant en question la qualit\u00e9 du bl\u00e9 marocain et du pain consomm\u00e9 au niveau national. La Conf\u00e9d\u00e9ration a r\u00e9fut\u00e9, mercredi, les d\u00e9clarations concernant la qualit\u00e9 du bl\u00e9 marocain et du pain consomm\u00e9 par les Marocains. \u00ab\u00a0C&rsquo;est avec un grand \u00e9tonnement [&hellip;]<\/p>\n","protected":false},"author":1763,"featured_media":0,"comment_status":"closed","ping_status":"closed","sticky":false,"template":"","format":"standard","meta":{"fifu_image_url":"","fifu_image_alt":"","footnotes":""},"categories":[78,54],"tags":[],"class_list":["post-114959","post","type-post","status-publish","format-standard","hentry","category-economie","category-maroc"],"_links":{"self":[{"href":"https:\/\/linitiative.ca\/International\/wp-json\/wp\/v2\/posts\/114959","targetHints":{"allow":["GET"]}}],"collection":[{"href":"https:\/\/linitiative.ca\/International\/wp-json\/wp\/v2\/posts"}],"about":[{"href":"https:\/\/linitiative.ca\/International\/wp-json\/wp\/v2\/types\/post"}],"author":[{"embeddable":true,"href":"https:\/\/linitiative.ca\/International\/wp-json\/wp\/v2\/users\/1763"}],"replies":[{"embeddable":true,"href":"https:\/\/linitiative.ca\/International\/wp-json\/wp\/v2\/comments?post=114959"}],"version-history":[{"count":0,"href":"https:\/\/linitiative.ca\/International\/wp-json\/wp\/v2\/posts\/114959\/revisions"}],"wp:attachment":[{"href":"https:\/\/linitiative.ca\/International\/wp-json\/wp\/v2\/media?parent=114959"}],"wp:term":[{"taxonomy":"category","embeddable":true,"href":"https:\/\/linitiative.ca\/International\/wp-json\/wp\/v2\/categories?post=114959"},{"taxonomy":"post_tag","embeddable":true,"href":"https:\/\/linitiative.ca\/International\/wp-json\/wp\/v2\/tags?post=114959"}],"curies":[{"name":"wp","href":"https:\/\/api.w.org\/{rel}","templated":true}]}}