{"id":114961,"date":"2021-04-15T12:20:37","date_gmt":"2021-04-15T16:20:37","guid":{"rendered":"https:\/\/linitiative.ca\/International\/covid19-455-millions-de-vaccines-438-cas-critiques\/"},"modified":"2021-04-15T12:20:37","modified_gmt":"2021-04-15T16:20:37","slug":"covid19-455-millions-de-vaccines-438-cas-critiques","status":"publish","type":"post","link":"https:\/\/linitiative.ca\/International\/covid19-455-millions-de-vaccines-438-cas-critiques\/","title":{"rendered":"Covid19: 4,55 millions de vaccin\u00e9s, 438 cas critiques"},"content":{"rendered":"<p class=\"rtejustify\">Un total de 596 nouveaux cas d&rsquo;infection au coronavirus et de 438 gu\u00e9risons a \u00e9t\u00e9 enregistr\u00e9 au cours des derni\u00e8res 24 heures au Maroc, a annonc\u00e9 ce jeudi le minist\u00e8re de la Sant\u00e9.<\/p>\n<p class=\"rtejustify\">Le nombre des personnes vaccin\u00e9es \u00e0 ce jour (dose 1) a atteint 4 554 000, alors que 4 174 449\u00a0ont re\u00e7u la deuxi\u00e8me dose du vaccin, pr\u00e9cise le minist\u00e8re dans son bulletin quotidien sur la situation de la Covid-19.<\/p>\n<p class=\"rtejustify\">Ce nouveau bilan porte \u00e0\u00a0504 260 le nombre total des contaminations depuis le premier cas signal\u00e9 en mars 2020. Le nombre des personnes r\u00e9tablies est pass\u00e9 \u00e0 490 366, soit un taux de gu\u00e9rison de 97,2\u00a0%.<\/p>\n<p class=\"rtejustify\">Quant au nombre total des d\u00e9c\u00e8s, il est pass\u00e9 \u00e0\u00a08 927 avec <strong>7<\/strong>\u00a0nouveaux cas recens\u00e9s en 24 heures, soit un taux de l\u00e9talit\u00e9 de 1,8%. Le nombre des cas actifs s&rsquo;\u00e9l\u00e8ve \u00e0 4 967, tandis que les cas s\u00e9v\u00e8res ou critiques sont au nombre de 438, dont 16 plac\u00e9s sous intubation.<\/p>\n<blockquote readability=\"4.75\">\n<p class=\"rtejustify\"><strong>Pour plus de d\u00e9tails, voir l&rsquo;\u00e9volution en temps r\u00e9el de l&rsquo;\u00e9pid\u00e9mie sur <a href=\"https:\/\/www.leconomiste.com\/covid19\/\">https:\/\/www.leconomiste.com\/covid19\/<\/a><\/strong><\/p>\n<\/blockquote>\n<p class=\"rtejustify\">\u00a0<\/p>\n<p>Auteur: mbasraoui<br \/>\n<a href=\"https:\/\/www.leconomiste.com\/flash-infos\/covid19-4-52-millions-de-vaccines-447-cas-critiques\">Cliquez ici pour lire l&rsquo;article depuis sa source.<\/a><\/p>\n","protected":false},"excerpt":{"rendered":"<p>Un total de 596 nouveaux cas d&rsquo;infection au coronavirus et de 438 gu\u00e9risons a \u00e9t\u00e9 enregistr\u00e9 au cours des derni\u00e8res 24 heures au Maroc, a annonc\u00e9 ce jeudi le minist\u00e8re de la Sant\u00e9. Le nombre des personnes vaccin\u00e9es \u00e0 ce jour (dose 1) a atteint 4 554 000, alors que 4 174 449\u00a0ont re\u00e7u la [&hellip;]<\/p>\n","protected":false},"author":1763,"featured_media":0,"comment_status":"closed","ping_status":"closed","sticky":false,"template":"","format":"standard","meta":{"fifu_image_url":"","fifu_image_alt":"","footnotes":""},"categories":[78,54],"tags":[],"class_list":["post-114961","post","type-post","status-publish","format-standard","hentry","category-economie","category-maroc"],"_links":{"self":[{"href":"https:\/\/linitiative.ca\/International\/wp-json\/wp\/v2\/posts\/114961","targetHints":{"allow":["GET"]}}],"collection":[{"href":"https:\/\/linitiative.ca\/International\/wp-json\/wp\/v2\/posts"}],"about":[{"href":"https:\/\/linitiative.ca\/International\/wp-json\/wp\/v2\/types\/post"}],"author":[{"embeddable":true,"href":"https:\/\/linitiative.ca\/International\/wp-json\/wp\/v2\/users\/1763"}],"replies":[{"embeddable":true,"href":"https:\/\/linitiative.ca\/International\/wp-json\/wp\/v2\/comments?post=114961"}],"version-history":[{"count":0,"href":"https:\/\/linitiative.ca\/International\/wp-json\/wp\/v2\/posts\/114961\/revisions"}],"wp:attachment":[{"href":"https:\/\/linitiative.ca\/International\/wp-json\/wp\/v2\/media?parent=114961"}],"wp:term":[{"taxonomy":"category","embeddable":true,"href":"https:\/\/linitiative.ca\/International\/wp-json\/wp\/v2\/categories?post=114961"},{"taxonomy":"post_tag","embeddable":true,"href":"https:\/\/linitiative.ca\/International\/wp-json\/wp\/v2\/tags?post=114961"}],"curies":[{"name":"wp","href":"https:\/\/api.w.org\/{rel}","templated":true}]}}