{"id":114962,"date":"2021-04-15T15:14:04","date_gmt":"2021-04-15T19:14:04","guid":{"rendered":"https:\/\/linitiative.ca\/International\/pros-manchester-city-psg-un-match-special-pour-mahrez\/"},"modified":"2021-04-15T15:14:04","modified_gmt":"2021-04-15T19:14:04","slug":"pros-manchester-city-psg-un-match-special-pour-mahrez","status":"publish","type":"post","link":"https:\/\/linitiative.ca\/International\/pros-manchester-city-psg-un-match-special-pour-mahrez\/","title":{"rendered":"Pros : Manchester City: PSG, un match \u00ab\u00a0sp\u00e9cial\u00a0\u00bb pour Mahrez"},"content":{"rendered":"<div readability=\"32\">\n<p>Auteur : <span class=\"time\">mercredi 14 avril 2021 23:19<\/span><\/p>\n<\/div>\n<div id=\"post_core\" readability=\"45\">\n<p>Qualifi\u00e9 pour les demi-finales de la Ligue des Champions apr\u00e8s son double succ\u00e8s face au Borussia Dortmund (2-1, 1-2), Manchester City affrontera le Paris Saint-Germain. Une rencontre particuli\u00e8re pour l\u2019ailier mancunien Riyad Mahrez, originaire de la banlieue parisienne: \u00ab\u00a0C&rsquo;est tr\u00e8s bien pour moi, c&rsquo;est sp\u00e9cial parce que je suis de Paris. Je suis n\u00e9 \u00e0 Paris, j&rsquo;ai grandi \u00e0 Paris, donc ce sera sp\u00e9cial. Je suis tr\u00e8s content de jouer contre cette \u00e9quipe, \u00e7a sera un tr\u00e8s grand match. On a aussi beaucoup de rendez-vous avant, avec la demi-finale de FA cup et la finale de Carabao Cup. Apr\u00e8s, on aura le temps de penser \u00e0 ce match et de se concentrer dessus\u00a0\u00bb, a annonc\u00e9 l\u2019international alg\u00e9rien comme rapport\u00e9 par Maxifoot.fr.<\/p>\n<p><strong>Publi\u00e9 dans :<\/strong> <span>Mahrez<\/span><\/p>\n<\/div>\n<p>Auteur:<br \/>\n<a href=\"http:\/\/www.lebuteur.com\/article\/detail?titre=manchester-city-psg-un-match-special-pour-mahrez&#038;id=99727&#038;utm_source=feedburner&#038;utm_medium=feed&#038;utm_campaign=Feed%3A+GalerieFArtciles+%28Les+derniers+articles++-+lebuteur.com%29\">Cliquez ici pour lire l&rsquo;article depuis sa source.<\/a><\/p>\n","protected":false},"excerpt":{"rendered":"<p>Auteur : mercredi 14 avril 2021 23:19 Qualifi\u00e9 pour les demi-finales de la Ligue des Champions apr\u00e8s son double succ\u00e8s face au Borussia Dortmund (2-1, 1-2), Manchester City affrontera le Paris Saint-Germain. Une rencontre particuli\u00e8re pour l\u2019ailier mancunien Riyad Mahrez, originaire de la banlieue parisienne: \u00ab\u00a0C&rsquo;est tr\u00e8s bien pour moi, c&rsquo;est sp\u00e9cial parce que je [&hellip;]<\/p>\n","protected":false},"author":1738,"featured_media":0,"comment_status":"closed","ping_status":"closed","sticky":false,"template":"","format":"standard","meta":{"fifu_image_url":"\/\/cdn.lebuteur.com\/data\/images\/article\/thumbs\/large-manchester-city-psg-un-match-special-pour-mahrez-c6051.jpg","fifu_image_alt":"Pros : Manchester City: PSG, un match \"sp\u00e9cial\" pour Mahrez","footnotes":""},"categories":[53,75],"tags":[],"class_list":["post-114962","post","type-post","status-publish","format-standard","hentry","category-algerie","category-sport"],"_links":{"self":[{"href":"https:\/\/linitiative.ca\/International\/wp-json\/wp\/v2\/posts\/114962","targetHints":{"allow":["GET"]}}],"collection":[{"href":"https:\/\/linitiative.ca\/International\/wp-json\/wp\/v2\/posts"}],"about":[{"href":"https:\/\/linitiative.ca\/International\/wp-json\/wp\/v2\/types\/post"}],"author":[{"embeddable":true,"href":"https:\/\/linitiative.ca\/International\/wp-json\/wp\/v2\/users\/1738"}],"replies":[{"embeddable":true,"href":"https:\/\/linitiative.ca\/International\/wp-json\/wp\/v2\/comments?post=114962"}],"version-history":[{"count":0,"href":"https:\/\/linitiative.ca\/International\/wp-json\/wp\/v2\/posts\/114962\/revisions"}],"wp:attachment":[{"href":"https:\/\/linitiative.ca\/International\/wp-json\/wp\/v2\/media?parent=114962"}],"wp:term":[{"taxonomy":"category","embeddable":true,"href":"https:\/\/linitiative.ca\/International\/wp-json\/wp\/v2\/categories?post=114962"},{"taxonomy":"post_tag","embeddable":true,"href":"https:\/\/linitiative.ca\/International\/wp-json\/wp\/v2\/tags?post=114962"}],"curies":[{"name":"wp","href":"https:\/\/api.w.org\/{rel}","templated":true}]}}