{"id":114964,"date":"2021-04-15T15:14:11","date_gmt":"2021-04-15T19:14:11","guid":{"rendered":"https:\/\/linitiative.ca\/International\/ligue-des-champions-man-city-guardiola-cette-accolade-etait-pour-tout-le-club\/"},"modified":"2021-04-15T15:14:11","modified_gmt":"2021-04-15T19:14:11","slug":"ligue-des-champions-man-city-guardiola-cette-accolade-etait-pour-tout-le-club","status":"publish","type":"post","link":"https:\/\/linitiative.ca\/International\/ligue-des-champions-man-city-guardiola-cette-accolade-etait-pour-tout-le-club\/","title":{"rendered":"Ligue des Champions : Man City &#8211; Guardiola : \u00ab\u00a0Cette accolade \u00e9tait pour tout le club\u00a0\u00bb"},"content":{"rendered":"<div readability=\"32\">\n<p>Auteur : <span class=\"time\">jeudi 15 avril 2021 09:19<\/span><\/p>\n<\/div>\n<div id=\"post_core\" readability=\"59\">\n<p>L&rsquo;entraineur de Manchester a f\u00e9licit\u00e9 ses joueurs et le club pour cette qualification pour les demi finales de Ligue des Champions, la premi\u00e8re depuis son arriv\u00e9e au club :<\/p>\n<p>\u00ab\u00a0Phil (Foden) a couru dans tous les sens avant de se diriger vers le banc de touche, a d\u00e9clar\u00e9 Guardiola. Cette accolade \u00e9tait pour tout le club. Tout le monde travaille tr\u00e8s dur pour arriver l\u00e0 o\u00f9 nous en sommes aujourd&rsquo;hui.\u00a0\u00bb<\/p>\n<p>\u00ab\u00a0C&rsquo;est la deuxi\u00e8me fois de son histoire que le club atteint ce stade de la comp\u00e9tition, parmi les meilleures \u00e9quipes d&rsquo;Europe. Nous sommes en train de construire l&rsquo;histoire. J&rsquo;en suis ravi. Nous avons tr\u00e8s bien jou\u00e9, un jeu avec beaucoup de personnalit\u00e9\u00a0\u00bb<\/p>\n<p>\u00ab\u00a0C&rsquo;est incroyable ce que nous avons r\u00e9alis\u00e9. Psychologiquement, pour nous tous, c&rsquo;\u00e9tait n\u00e9cessaire de franchir cette \u00e9tape. A pr\u00e9sent, nous en voulons plus\u00a0\u00bb.<\/p>\n<p>&lsquo;It&rsquo;s incredible what we&rsquo;ve done,&rsquo; Guardiola added. &lsquo;Psychologically, for all of us, it was necessary to get past this stage. We want more now.<\/p>\n<p><strong>Publi\u00e9 dans :<\/strong> <span>Manchester City<\/span><\/p>\n<\/div>\n<p>Auteur:<br \/>\n<a href=\"http:\/\/www.lebuteur.com\/article\/detail?titre=man-city-guardiola-cette-accolade-etait-pour-tout-le-club&#038;id=99729&#038;utm_source=feedburner&#038;utm_medium=feed&#038;utm_campaign=Feed%3A+GalerieFArtciles+%28Les+derniers+articles++-+lebuteur.com%29\">Cliquez ici pour lire l&rsquo;article depuis sa source.<\/a><\/p>\n","protected":false},"excerpt":{"rendered":"<p>Auteur : jeudi 15 avril 2021 09:19 L&rsquo;entraineur de Manchester a f\u00e9licit\u00e9 ses joueurs et le club pour cette qualification pour les demi finales de Ligue des Champions, la premi\u00e8re depuis son arriv\u00e9e au club : \u00ab\u00a0Phil (Foden) a couru dans tous les sens avant de se diriger vers le banc de touche, a d\u00e9clar\u00e9 [&hellip;]<\/p>\n","protected":false},"author":1738,"featured_media":0,"comment_status":"closed","ping_status":"closed","sticky":false,"template":"","format":"standard","meta":{"fifu_image_url":"\/\/cdn.lebuteur.com\/data\/images\/article\/thumbs\/large-man-city-guardiola-cette-accolade-etait-pour-tout-le-club-0355a.jpg","fifu_image_alt":"Ligue des Champions : Man City - Guardiola : \"Cette accolade \u00e9tait pour tout le club\"","footnotes":""},"categories":[53,75],"tags":[],"class_list":["post-114964","post","type-post","status-publish","format-standard","hentry","category-algerie","category-sport"],"_links":{"self":[{"href":"https:\/\/linitiative.ca\/International\/wp-json\/wp\/v2\/posts\/114964","targetHints":{"allow":["GET"]}}],"collection":[{"href":"https:\/\/linitiative.ca\/International\/wp-json\/wp\/v2\/posts"}],"about":[{"href":"https:\/\/linitiative.ca\/International\/wp-json\/wp\/v2\/types\/post"}],"author":[{"embeddable":true,"href":"https:\/\/linitiative.ca\/International\/wp-json\/wp\/v2\/users\/1738"}],"replies":[{"embeddable":true,"href":"https:\/\/linitiative.ca\/International\/wp-json\/wp\/v2\/comments?post=114964"}],"version-history":[{"count":0,"href":"https:\/\/linitiative.ca\/International\/wp-json\/wp\/v2\/posts\/114964\/revisions"}],"wp:attachment":[{"href":"https:\/\/linitiative.ca\/International\/wp-json\/wp\/v2\/media?parent=114964"}],"wp:term":[{"taxonomy":"category","embeddable":true,"href":"https:\/\/linitiative.ca\/International\/wp-json\/wp\/v2\/categories?post=114964"},{"taxonomy":"post_tag","embeddable":true,"href":"https:\/\/linitiative.ca\/International\/wp-json\/wp\/v2\/tags?post=114964"}],"curies":[{"name":"wp","href":"https:\/\/api.w.org\/{rel}","templated":true}]}}