{"id":114965,"date":"2021-04-15T15:14:15","date_gmt":"2021-04-15T19:14:15","guid":{"rendered":"https:\/\/linitiative.ca\/International\/pros-aissa-mandi-dans-le-viseur-dun-grand-club-espagnol\/"},"modified":"2021-04-15T15:14:15","modified_gmt":"2021-04-15T19:14:15","slug":"pros-aissa-mandi-dans-le-viseur-dun-grand-club-espagnol","status":"publish","type":"post","link":"https:\/\/linitiative.ca\/International\/pros-aissa-mandi-dans-le-viseur-dun-grand-club-espagnol\/","title":{"rendered":"Pros : A\u00efssa Mandi dans le viseur d&rsquo;un grand club espagnol"},"content":{"rendered":"<div readability=\"32\">\n<p>Auteur : <span class=\"time\">jeudi 15 avril 2021 12:32<\/span><\/p>\n<\/div>\n<div id=\"post_core\" readability=\"39\">\n<p>L&rsquo;international alg\u00e9riens est en fin de contrat avec le Betis S\u00e9ville et peut s&rsquo;engager libre avec le club de son choix l&rsquo;\u00e9t\u00e9 prochain comme l&rsquo;indique L&rsquo;Equipe.<\/p>\n<p>Mais la situation contractuelle du d\u00e9fenseur alg\u00e9rien n&rsquo;a pas \u00e9chapp\u00e9 \u00e0 d&rsquo;autres grands clubs europ\u00e9ens. Alors qu&rsquo;un int\u00e9r\u00eat de l&rsquo;Inter Milan et de Liverpool est \u00e9voqu\u00e9, Mundo Deportivo annonce que le FC Barcelone songe aussi \u00e0 Mandi pour renforcer sa d\u00e9fense \u00e0 moindre co\u00fbt. Lisandro Martinez (Ajax) et Marcos Senesi (Feyenoord) sont les autres pistes d\u00e9voil\u00e9es par le quotidien catalan.<\/p>\n<p><strong>Publi\u00e9 dans :<\/strong> <span>Mandi<\/span><\/p>\n<\/div>\n<p>Auteur:<br \/>\n<a href=\"http:\/\/www.lebuteur.com\/article\/detail?titre=aissa-mandi-dans-le-viseur-dun-grand-club-espagnol&#038;id=99730&#038;utm_source=feedburner&#038;utm_medium=feed&#038;utm_campaign=Feed%3A+GalerieFArtciles+%28Les+derniers+articles++-+lebuteur.com%29\">Cliquez ici pour lire l&rsquo;article depuis sa source.<\/a><\/p>\n","protected":false},"excerpt":{"rendered":"<p>Auteur : jeudi 15 avril 2021 12:32 L&rsquo;international alg\u00e9riens est en fin de contrat avec le Betis S\u00e9ville et peut s&rsquo;engager libre avec le club de son choix l&rsquo;\u00e9t\u00e9 prochain comme l&rsquo;indique L&rsquo;Equipe. Mais la situation contractuelle du d\u00e9fenseur alg\u00e9rien n&rsquo;a pas \u00e9chapp\u00e9 \u00e0 d&rsquo;autres grands clubs europ\u00e9ens. Alors qu&rsquo;un int\u00e9r\u00eat de l&rsquo;Inter Milan et [&hellip;]<\/p>\n","protected":false},"author":1738,"featured_media":0,"comment_status":"closed","ping_status":"closed","sticky":false,"template":"","format":"standard","meta":{"fifu_image_url":"\/\/cdn.lebuteur.com\/data\/images\/article\/thumbs\/large-aissa-mandi-dans-le-viseur-dun-grand-club-espagnol-9f985.jpg","fifu_image_alt":"Pros : A\u00efssa Mandi dans le viseur d'un grand club espagnol","footnotes":""},"categories":[53,75],"tags":[],"class_list":["post-114965","post","type-post","status-publish","format-standard","hentry","category-algerie","category-sport"],"_links":{"self":[{"href":"https:\/\/linitiative.ca\/International\/wp-json\/wp\/v2\/posts\/114965","targetHints":{"allow":["GET"]}}],"collection":[{"href":"https:\/\/linitiative.ca\/International\/wp-json\/wp\/v2\/posts"}],"about":[{"href":"https:\/\/linitiative.ca\/International\/wp-json\/wp\/v2\/types\/post"}],"author":[{"embeddable":true,"href":"https:\/\/linitiative.ca\/International\/wp-json\/wp\/v2\/users\/1738"}],"replies":[{"embeddable":true,"href":"https:\/\/linitiative.ca\/International\/wp-json\/wp\/v2\/comments?post=114965"}],"version-history":[{"count":0,"href":"https:\/\/linitiative.ca\/International\/wp-json\/wp\/v2\/posts\/114965\/revisions"}],"wp:attachment":[{"href":"https:\/\/linitiative.ca\/International\/wp-json\/wp\/v2\/media?parent=114965"}],"wp:term":[{"taxonomy":"category","embeddable":true,"href":"https:\/\/linitiative.ca\/International\/wp-json\/wp\/v2\/categories?post=114965"},{"taxonomy":"post_tag","embeddable":true,"href":"https:\/\/linitiative.ca\/International\/wp-json\/wp\/v2\/tags?post=114965"}],"curies":[{"name":"wp","href":"https:\/\/api.w.org\/{rel}","templated":true}]}}