{"id":114966,"date":"2021-04-15T15:14:18","date_gmt":"2021-04-15T19:14:18","guid":{"rendered":"https:\/\/linitiative.ca\/International\/equipe-dalgerie-faf-le-candidat-unique-charaf-eddine-amara-fixe-ses-priorites\/"},"modified":"2021-04-15T15:14:18","modified_gmt":"2021-04-15T19:14:18","slug":"equipe-dalgerie-faf-le-candidat-unique-charaf-eddine-amara-fixe-ses-priorites","status":"publish","type":"post","link":"https:\/\/linitiative.ca\/International\/equipe-dalgerie-faf-le-candidat-unique-charaf-eddine-amara-fixe-ses-priorites\/","title":{"rendered":"Equipe d&rsquo;Alg\u00e9rie : FAF : le candidat unique, Charaf-Eddine Amara, fixe ses priorit\u00e9s"},"content":{"rendered":"<div readability=\"32\">\n<p>Auteur : <span>APS<\/span> <span class=\"time\">jeudi 15 avril 2021 17:13<\/span><\/p>\n<\/div>\n<div id=\"post_core\" readability=\"60\">\n<p>Charaf-Eddine Amara, candidat unique \u00e0 la pr\u00e9sidence de la F\u00e9d\u00e9ration alg\u00e9rienne de football (FAF) dont l\u2019Assembl\u00e9e g\u00e9n\u00e9rale \u00e9lective (AGE) est pr\u00e9vue jeudi \u00e0 Alger, a fix\u00e9 ses priorit\u00e9s en cas s&rsquo;il sera \u00e9lu \u00e0 la t\u00eate de l&rsquo;instance f\u00e9d\u00e9rale \u00e0 travers un programme ax\u00e9 sur la r\u00e9forme, la modernisation et la performance pour, selon lui, remettre le football national sur les rails. Amara, intervenant lors d\u2019une conf\u00e9rence de presse organis\u00e9e mercredi soir \u00e0 Alger, a d\u00e9voil\u00e9 un programme ambitieux articul\u00e9 sur onze points, dont les plus importants sont une r\u00e9forme structurelle de la FAF, le d\u00e9veloppement du football professionnel et amateur, ainsi que la formation des acteurs de la discipline. \u00a0\u00ab\u00a0Notre candidature est le fruit d\u2019une r\u00e9flexion largement murie. Nous sommes porteurs d\u2019un programme de reformes dont nous sommes convaincus qu\u2019elles r\u00e9pondront aux n\u00e9cessit\u00e9s de l\u2019heure\u00a0\u00bb, a-t-il d\u00e9clar\u00e9, avant d&rsquo;ajouter que \u00a0\u00bbtoutes les r\u00e9formes envisag\u00e9es visent \u00e0 moderniser profond\u00e9ment notre mode de fonctionnement et de gouvernance avec la recherche syst\u00e9matique de la performance et de l\u2019excellence.\u00a0\u00bb En cas d\u2019\u00e9lection, Amara (57 ans) a indiqu\u00e9 que ses priorit\u00e9s seront d\u2019abord la mise en conformit\u00e9 des statuts de la FAF avec ceux de la FIFA, \u00ab\u00a0sous peine de graves d\u00e9convenues\u00a0\u00bb, avant de s\u2019attaquer \u00e0 d\u2019autres chantiers tels que les textes r\u00e9gissant le jeu, l\u2019am\u00e9lioration du syst\u00e8me de comp\u00e9tition et la relation complexe entre les soci\u00e9t\u00e9s sportives par actions (SSPA) et les clubs sportifs amateurs (CSA). \u00ab\u00a0Nous devrons p\u00e9renniser un nouveau mod\u00e8le viable. C\u2019est l\u00e0 le domaine de l\u2019institutionnel et ce n\u2019est ni limitatif ni exclusif\u00a0\u00bb, a-t-il assur\u00e9. Faisant le diagnostic du football national, le pr\u00e9sident du Conseil d\u2019administration de la SSPA CR Belouizdad depuis trois saisons, a estim\u00e9 que \u00ab\u00a0tous les clubs professionnels alg\u00e9riens sont en faillite \u00e0 cause d\u2019un d\u00e9ficit structurel en termes de mod\u00e8le \u00e9conomique\u00a0\u00bb, soulignant que \u00ab\u00a0le professionnalisme doit \u00eatre et non une n\u00e9cessit\u00e9\u00a0\u00bb. Concernant la formation, Amara a indiqu\u00e9 que dans le cas de son \u00e9lection \u00e0 la t\u00eate de la FAF, les moyens et pr\u00e9rogatives de la Direction technique nationale et le Coll\u00e8ge technique national seront consid\u00e9rablement. \u00ab\u00a0Enfin, nous \u0153uvrerons \u00e0 instaurer une v\u00e9ritable diplomatie du football. Elle sera le prolongement naturel et la r\u00e9sultante de la bonne gouvernance, un de nos piliers dans l\u2019ensemble de notre strat\u00e9gie\u00a0\u00bb, a-t-il soutenu.<\/p>\n<p><strong>Publi\u00e9 dans :<\/strong> <span>faf<\/span><\/p>\n<\/div>\n<p>Auteur:<br \/>\n<a href=\"http:\/\/www.lebuteur.com\/article\/detail?titre=faf-le-candidat-unique-charaf-eddine-amara-fixe-ses-priorites&#038;id=99731&#038;utm_source=feedburner&#038;utm_medium=feed&#038;utm_campaign=Feed%3A+GalerieFArtciles+%28Les+derniers+articles++-+lebuteur.com%29\">Cliquez ici pour lire l&rsquo;article depuis sa source.<\/a><\/p>\n","protected":false},"excerpt":{"rendered":"<p>Auteur : APS jeudi 15 avril 2021 17:13 Charaf-Eddine Amara, candidat unique \u00e0 la pr\u00e9sidence de la F\u00e9d\u00e9ration alg\u00e9rienne de football (FAF) dont l\u2019Assembl\u00e9e g\u00e9n\u00e9rale \u00e9lective (AGE) est pr\u00e9vue jeudi \u00e0 Alger, a fix\u00e9 ses priorit\u00e9s en cas s&rsquo;il sera \u00e9lu \u00e0 la t\u00eate de l&rsquo;instance f\u00e9d\u00e9rale \u00e0 travers un programme ax\u00e9 sur la r\u00e9forme, [&hellip;]<\/p>\n","protected":false},"author":1738,"featured_media":0,"comment_status":"closed","ping_status":"closed","sticky":false,"template":"","format":"standard","meta":{"fifu_image_url":"\/\/cdn.lebuteur.com\/data\/images\/article\/thumbs\/large-99731faf-le-candidat-unique-charaf-eddine-amara-fixe-ses-priorites-27503.jpg","fifu_image_alt":"Equipe d'Alg\u00e9rie : FAF : le candidat unique, Charaf-Eddine Amara, fixe ses priorit\u00e9s","footnotes":""},"categories":[53,75],"tags":[],"class_list":["post-114966","post","type-post","status-publish","format-standard","hentry","category-algerie","category-sport"],"_links":{"self":[{"href":"https:\/\/linitiative.ca\/International\/wp-json\/wp\/v2\/posts\/114966","targetHints":{"allow":["GET"]}}],"collection":[{"href":"https:\/\/linitiative.ca\/International\/wp-json\/wp\/v2\/posts"}],"about":[{"href":"https:\/\/linitiative.ca\/International\/wp-json\/wp\/v2\/types\/post"}],"author":[{"embeddable":true,"href":"https:\/\/linitiative.ca\/International\/wp-json\/wp\/v2\/users\/1738"}],"replies":[{"embeddable":true,"href":"https:\/\/linitiative.ca\/International\/wp-json\/wp\/v2\/comments?post=114966"}],"version-history":[{"count":0,"href":"https:\/\/linitiative.ca\/International\/wp-json\/wp\/v2\/posts\/114966\/revisions"}],"wp:attachment":[{"href":"https:\/\/linitiative.ca\/International\/wp-json\/wp\/v2\/media?parent=114966"}],"wp:term":[{"taxonomy":"category","embeddable":true,"href":"https:\/\/linitiative.ca\/International\/wp-json\/wp\/v2\/categories?post=114966"},{"taxonomy":"post_tag","embeddable":true,"href":"https:\/\/linitiative.ca\/International\/wp-json\/wp\/v2\/tags?post=114966"}],"curies":[{"name":"wp","href":"https:\/\/api.w.org\/{rel}","templated":true}]}}