{"id":114968,"date":"2021-04-15T06:18:59","date_gmt":"2021-04-15T10:18:59","guid":{"rendered":"https:\/\/linitiative.ca\/International\/legere-hausse-des-cas-de-covid-19-linquietude-des-specialistes\/"},"modified":"2021-04-15T06:18:59","modified_gmt":"2021-04-15T10:18:59","slug":"legere-hausse-des-cas-de-covid-19-linquietude-des-specialistes","status":"publish","type":"post","link":"https:\/\/linitiative.ca\/International\/legere-hausse-des-cas-de-covid-19-linquietude-des-specialistes\/","title":{"rendered":"L\u00e9g\u00e8re hausse des cas de covid-19 : L\u2019inqui\u00e9tude des sp\u00e9cialistes"},"content":{"rendered":"<h4 class=\"title-14\"\/>\n<div class=\"featured_image\"><img loading=\"lazy\" decoding=\"async\" width=\"800\" height=\"450\" src=\"https:\/\/www.elwatan.com\/wp-content\/uploads\/2021\/04\/000_1s05c4_0-e1618432722593.jpeg\" class=\"attachment-post-thumbnail size-post-thumbnail wp-post-image\" alt=\"\"\/> <span class=\"featured-image-caption\">La vigilance de tous est plus que jamais de mise<\/span><\/div>\n<p>Les principaux indicateurs de surveillance de l\u2019\u00e9pid\u00e9mie de Covid-19, notamment la notification de nouveaux cas d\u2019infection, les hospitalisations et les admissions en r\u00e9animation sont actuellement en hausse au niveau national et r\u00e9gional.<\/p>\n<p>Une augmentation du nombre de cas infect\u00e9s et confirm\u00e9s par le test RT PCR a \u00e9t\u00e9 enregistr\u00e9e dans 25 wilayas au cours des deux derni\u00e8res semaines, alors que 27 wilayas voient augmenter les d\u00e9clarations pour les cas probables au cours de ces derniers jours, selon le dernier bulletin \u00e9pid\u00e9miologique de l\u2019Institut national de sant\u00e9 publique (INSP) datant du 9 avril dernier.<\/p>\n<p>En plus clair, l\u2019\u00e9quipe de l\u2019INSP signale que le nombre de patients hospitalise\u0301s pour cause de Covid-19 dans les structures de sante\u0301 est a\u0300 la hausse au cours des trois derni\u00e8res semaines. \u00abLe nombre quotidien moyen passe de 1166,1 patients entre les 20 et 26 mars a\u0300 1185,6 entre les 27 mars et 2 avril et atteint une moyenne de 1309,4 patients entre les 3 et 9 avril\u00bb, lit-on dans le bulletin de l\u2019INSP, qui pr\u00e9cise que les taux d\u2019accroissement sont de 1,7% entre les 27 mars et 2 avril et de 10,4% entre les 3 et 9 avril par rapport aux sept jours pre\u0301ce\u0301dents.<\/p>\n<p>Parmi les wilayas enregistrant une augmentation du nombre d\u2019hospitalisations \u2013 dont cinq enregistrent un e\u0301cart de plus de 10 points entre les moyennes quotidiennes des deux dernie\u0300res semaines \u2013, Tizi Ouzou et Batna Les unite\u0301s de soins intensifs enregistrent les me\u0302mes tendances. \u00abLe nombre de patients hospitalise\u0301s en re\u0301animation a augmente\u0301 durant les trois dernie\u0300res semaines. La moyenne passe de 98,7 patients entre le 20 et le 26 mars a\u0300 102,4 entre le 27 mars et le 2 avril, puis arrive a\u0300 110,6 patients entre le 3 et le 9 avril.\u00bb<\/p>\n<p>Et de souligner que \u00a0\u00ab31 wilayas observent une augmentation du nombre d\u2019hospitalisations\u00bb. L\u2019\u00e9quipe de l\u2019INSP note qu\u2019\u00ab\u00e0 l\u2019e\u0301chelle nationale, le nombre quotidien moyen de patients en re\u0301animation augmente re\u0301gulie\u0300rement depuis trois semaines et 9 wilayas sur 12 ont enregistre\u0301 une augmentation du nombre de patients en re\u0301animation et 5 ont vu le nombre de malades intube\u0301s augmenter\u00bb.<\/p>\n<p>La wilaya d\u2019Alger compte le maximum de patients en re\u0301animation et de malades intub\u00e9s, signale-t-on. Une tendance qui risque de conna\u00eetre une tr\u00e8s forte hausse, selon les sp\u00e9cialistes, au vu du rel\u00e2chement total vis-\u00e0-vis des mesures barri\u00e8res et du contr\u00f4le dans les espaces publics par les services concern\u00e9s. March\u00e9s de fruits et l\u00e9gumes, sup\u00e9rettes boucheries, magasin de vaisselle et d\u2019\u00e9lectrom\u00e9nager ont \u00e9t\u00e9 pris d\u2019assaut \u00e0 la veille du mois de Ramadhan sans que les mesures de pr\u00e9vention \u00e9dict\u00e9es et exig\u00e9es par la loi ne soient respect\u00e9es, notamment le port du masque et la distanciation physique.<\/p>\n<p>Certains services Covid-19 toujours ouverts dans les principaux centres hospitaliers commencent \u00e0 accueillir des cas d\u2019infection n\u00e9cessitant l\u2019hospitalisation outre les formes mineures. \u00abNous constatons effectivement une augmentation du nombre de cas Covid-19.<\/p>\n<p>Ce qui nous inqui\u00e8te, ce sont les cas graves, notamment chez les jeunes en surpoids. Il y a malheureusement un rel\u00e2chement vis-\u00e0 -vis des mesures barri\u00e8res avec la reprise des poign\u00e9es de main, des accolades et des embrassades. Ce qui pr\u00e9pare les pr\u00e9mices de la troisi\u00e8me vague qui nous guette\u00bb, d\u00e9clare le Pr Kamel Hail, chef du service Covid au Chu Mustapha Bacha. Il estime que \u00abla Covid-19 n\u2019est pas termin\u00e9e. Il ne faut pas crier victoire. Nous sommes toujours en guerre contre un virus qui continue \u00e0 nous surprendre.<\/p>\n<p>C\u2019est pourquoi, il est important de renforcer les mesures de pr\u00e9vention et assurer un contr\u00f4le rigoureux de toutes les mesures de pr\u00e9vention\u00bb. A l\u2019h\u00f4pital de Beni Messous, o\u00f9 trois services assurent la prise en charge de la Covid, dont un centre de tri, les hospitalisations pour Covid-19 n\u2019ont pas cess\u00e9, signale le Pr Omar Chabati du service de pneumo- phtisiologie. Il rappelle que \u00abla situation est globalement stable avec une moyenne de 5 hospitalisations\/jour dont des formes graves n\u00e9cessitant beaucoup d\u2019oxyg\u00e8ne, une surveillance et un suivi\u00bb.<\/p>\n<p>Cela dit, il affirme : \u00abIl y a une l\u00e9g\u00e8re hausse du nombre de cas notifi\u00e9s dont les causes sont bien s\u00fbr li\u00e9es au rel\u00e2chement total vis-\u00e0-vis des mesures barri\u00e8res. Mais, il y a aussi le discours rassurant v\u00e9hicul\u00e9 pendant quelques semaines par certaines parties et l\u2019information relative \u00e0 la notion de l\u2019immunit\u00e9 collective qui auraient encourag\u00e9 un peu ce rel\u00e2chement. Je dois dire que la bataille n\u2019est pas gagn\u00e9e et c\u2019est le moment de renforcer les mesures de pr\u00e9vention et le respect des mesures barri\u00e8res, car nous ne sommes pas \u00e0 l\u2019abri d\u2019un nouveau pic de l\u2019\u00e9pid\u00e9mie.\u00bb<\/p>\n<p>Par ailleurs, l\u2019OMS estime que l\u2019\u00e9pid\u00e9mie, qui a provoqu\u00e9 la mort de pr\u00e8s de trois millions de personnes dans le monde depuis plus d\u2019un an, est \u00e0 un \u00abpoint critique\u00bb. Maria van Kerkhove, responsable technique \u00e0 l\u2019Agence des Nations unies, a expliqu\u00e9 lundi dernier que la \u00abtrajectoire de cette pand\u00e9mie est en pleine expansion\u00bb, avec une augmentation significative du nombre de cas et de morts enregistr\u00e9s dans le monde depuis plusieurs semaines, notamment en Asie, au Moyen-Orient et au Br\u00e9sil. \u00abLa semaine derni\u00e8re, nous avons enregistr\u00e9 le quatri\u00e8me plus grand nombre de cas en une seule semaine jusqu\u2019\u00e0 pr\u00e9sent.<\/p>\n<p>C\u2019est la septi\u00e8me semaine cons\u00e9cutive d\u2019augmentation des cas, et la quatri\u00e8me semaine cons\u00e9cutive d\u2019augmentation des d\u00e9c\u00e8s\u00bb, a r\u00e9sum\u00e9 le directeur g\u00e9n\u00e9ral de l\u2019OMS,\u00a0Tedros Adhanom Ghebreyesus. L\u2019OMS observe ainsi que la pand\u00e9mie ne faiblit pas, malgr\u00e9 les\u00a0\u00abplus de 780\u00a0millions de doses de vaccin\u00a0qui\u00a0ont \u00e9t\u00e9 administr\u00e9es dans le monde\u00bb, ce qui peut s\u2019expliquer par la disparit\u00e9 des campagnes de vaccination dans les diff\u00e9rents pays du globe, a d\u00e9clar\u00e9 le directeur g\u00e9n\u00e9ral de l\u2019OMS.<\/p>\n<p>Mais pour esp\u00e9rer \u00abma\u00eetriser cette pand\u00e9mie en quelques mois, il faudra un effort concert\u00e9 pour appliquer des mesures de sant\u00e9 publique et une vaccination \u00e9quitable\u00bb, avertit Tedros Adhanom Ghebreyesus.<\/p>\n<p><span class=\"post-views-label\">Post Views:<\/span> <span class=\"post-views-count\">1\u00a0998<\/span><\/p>\n<p><br class=\"c2\"\/><\/p>\n<div class=\"ichhar-moneytagnative c5\" id=\"ichhar-826978187\">\n<p>Advertisements<\/p>\n<\/div>\n<p><br class=\"c2\"\/><br \/>\n<br class=\"c6\"\/><\/p>\n<p>Auteur: Hicham Chouadria<br \/>\n<a href=\"https:\/\/www.elwatan.com\/a-la-une\/legere-hausse-des-cas-de-covid-19-linquietude-des-specialistes-15-04-2021\">Cliquez ici pour lire l&rsquo;article depuis sa source.<\/a><\/p>\n","protected":false},"excerpt":{"rendered":"<p>La vigilance de tous est plus que jamais de mise Les principaux indicateurs de surveillance de l\u2019\u00e9pid\u00e9mie de Covid-19, notamment la notification de nouveaux cas d\u2019infection, les hospitalisations et les admissions en r\u00e9animation sont actuellement en hausse au niveau national et r\u00e9gional. Une augmentation du nombre de cas infect\u00e9s et confirm\u00e9s par le test RT [&hellip;]<\/p>\n","protected":false},"author":1743,"featured_media":0,"comment_status":"closed","ping_status":"closed","sticky":false,"template":"","format":"standard","meta":{"fifu_image_url":"https:\/\/www.elwatan.com\/wp-content\/uploads\/2021\/04\/000_1s05c4_0-e1618432722593.jpeg","fifu_image_alt":"L\u00e9g\u00e8re hausse des cas de covid-19 : L\u2019inqui\u00e9tude des sp\u00e9cialistes","footnotes":""},"categories":[73,53],"tags":[],"class_list":["post-114968","post","type-post","status-publish","format-standard","hentry","category-actualite","category-algerie"],"_links":{"self":[{"href":"https:\/\/linitiative.ca\/International\/wp-json\/wp\/v2\/posts\/114968","targetHints":{"allow":["GET"]}}],"collection":[{"href":"https:\/\/linitiative.ca\/International\/wp-json\/wp\/v2\/posts"}],"about":[{"href":"https:\/\/linitiative.ca\/International\/wp-json\/wp\/v2\/types\/post"}],"author":[{"embeddable":true,"href":"https:\/\/linitiative.ca\/International\/wp-json\/wp\/v2\/users\/1743"}],"replies":[{"embeddable":true,"href":"https:\/\/linitiative.ca\/International\/wp-json\/wp\/v2\/comments?post=114968"}],"version-history":[{"count":0,"href":"https:\/\/linitiative.ca\/International\/wp-json\/wp\/v2\/posts\/114968\/revisions"}],"wp:attachment":[{"href":"https:\/\/linitiative.ca\/International\/wp-json\/wp\/v2\/media?parent=114968"}],"wp:term":[{"taxonomy":"category","embeddable":true,"href":"https:\/\/linitiative.ca\/International\/wp-json\/wp\/v2\/categories?post=114968"},{"taxonomy":"post_tag","embeddable":true,"href":"https:\/\/linitiative.ca\/International\/wp-json\/wp\/v2\/tags?post=114968"}],"curies":[{"name":"wp","href":"https:\/\/api.w.org\/{rel}","templated":true}]}}