{"id":114969,"date":"2021-04-15T06:52:51","date_gmt":"2021-04-15T10:52:51","guid":{"rendered":"https:\/\/linitiative.ca\/International\/algerie-poste-la-greve-declaree-illegale-installation-dun-comite-pour-la-mise-en-place-du-syndicat\/"},"modified":"2021-04-15T06:52:51","modified_gmt":"2021-04-15T10:52:51","slug":"algerie-poste-la-greve-declaree-illegale-installation-dun-comite-pour-la-mise-en-place-du-syndicat","status":"publish","type":"post","link":"https:\/\/linitiative.ca\/International\/algerie-poste-la-greve-declaree-illegale-installation-dun-comite-pour-la-mise-en-place-du-syndicat\/","title":{"rendered":"Alg\u00e9rie Poste : La gr\u00e8ve d\u00e9clar\u00e9e ill\u00e9gale, installation d\u2019un comit\u00e9 pour la mise en place du syndicat"},"content":{"rendered":"<h4 class=\"title-14\"\/>\n<div class=\"featured_image\"><img loading=\"lazy\" decoding=\"async\" width=\"800\" height=\"496\" src=\"https:\/\/www.elwatan.com\/wp-content\/uploads\/2019\/04\/algerie-poste-col.gif\" class=\"attachment-post-thumbnail size-post-thumbnail wp-post-image\" alt=\"Alg\u00e9rie Poste\"\/><\/div>\n<p><em><strong>La direction d\u2019Alg\u00e9rie Poste a indiqu\u00e9, hier mercredi, en d\u00e9but de soir\u00e9e, dans un communiqu\u00e9, qu\u2019elle avait proc\u00e9d\u00e9 \u00e0 \u00ab\u00a0l\u2019installation du comit\u00e9 national pr\u00e9paratoire de la conf\u00e9rence \u00e9lective du syndicat de l\u2019entreprise\u00a0\u00bb, et ce \u00ab\u00a0suite \u00e0 une d\u00e9cision du secr\u00e9taire g\u00e9n\u00e9ral de l\u2019UGTA\u00a0\u00bb.<\/strong><\/em><\/p>\n<p>Un comit\u00e9, ajoute-t-on de m\u00eame source, qui aura les m\u00eames pr\u00e9rogatives qu\u2019un syndicat, avec lequel la direction de l\u2019entreprise s\u2019est d\u00e9j\u00e0 r\u00e9uni (hier mercredi NDLR) afin, entre autre, de \u00ab\u00a0d\u00e9finir les revendications des travailleurs d\u2019une mani\u00e8re pr\u00e9cise\u00a0\u00bb.<\/p>\n<p>La direction rappelle, \u00e0 cet effet, qu\u2019elle avait proc\u00e9d\u00e9 au versement de la premi\u00e8re tranche de la prime d\u2019int\u00e9ressement. Elle signale, par ailleurs, que le tribunal de Dar El Beida, saisi en r\u00e9f\u00e9r\u00e9e, \u00ab\u00a0a d\u00e9clar\u00e9 cette gr\u00e8ve ill\u00e9gale\u00a0\u00bb.<\/p>\n<p>Par cons\u00e9quent, elle a appel\u00e9 les gr\u00e9vistes \u00e0 reprendre le travail. A noter qu\u2019au niveau de certaines agences, les employ\u00e9s sont toujours en gr\u00e8ve aujourd\u2019hui.<\/p>\n<p><span class=\"post-views-label\">Post Views:<\/span> <span class=\"post-views-count\">2\u00a0733<\/span><\/p>\n<p><br class=\"c2\"\/><\/p>\n<div class=\"ichhar-moneytagnative c5\" id=\"ichhar-1196475677\">\n<p>Advertisements<\/p>\n<\/div>\n<p><br class=\"c2\"\/><br \/>\n<br class=\"c6\"\/><\/p>\n<p>Auteur: Mohand Yahiaoui<br \/>\n<a href=\"https:\/\/www.elwatan.com\/edition\/actualite\/algerie-poste-la-greve-declaree-illegale-installation-dun-comite-pour-la-mise-en-place-du-syndicat-15-04-2021\">Cliquez ici pour lire l&rsquo;article depuis sa source.<\/a><\/p>\n","protected":false},"excerpt":{"rendered":"<p>La direction d\u2019Alg\u00e9rie Poste a indiqu\u00e9, hier mercredi, en d\u00e9but de soir\u00e9e, dans un communiqu\u00e9, qu\u2019elle avait proc\u00e9d\u00e9 \u00e0 \u00ab\u00a0l\u2019installation du comit\u00e9 national pr\u00e9paratoire de la conf\u00e9rence \u00e9lective du syndicat de l\u2019entreprise\u00a0\u00bb, et ce \u00ab\u00a0suite \u00e0 une d\u00e9cision du secr\u00e9taire g\u00e9n\u00e9ral de l\u2019UGTA\u00a0\u00bb. Un comit\u00e9, ajoute-t-on de m\u00eame source, qui aura les m\u00eames pr\u00e9rogatives qu\u2019un [&hellip;]<\/p>\n","protected":false},"author":1743,"featured_media":0,"comment_status":"closed","ping_status":"closed","sticky":false,"template":"","format":"standard","meta":{"fifu_image_url":"https:\/\/www.elwatan.com\/wp-content\/uploads\/2019\/04\/algerie-poste-col.gif","fifu_image_alt":"Alg\u00e9rie Poste : La gr\u00e8ve d\u00e9clar\u00e9e ill\u00e9gale, installation d\u2019un comit\u00e9 pour la mise en place du syndicat","footnotes":""},"categories":[73,53],"tags":[],"class_list":["post-114969","post","type-post","status-publish","format-standard","hentry","category-actualite","category-algerie"],"_links":{"self":[{"href":"https:\/\/linitiative.ca\/International\/wp-json\/wp\/v2\/posts\/114969","targetHints":{"allow":["GET"]}}],"collection":[{"href":"https:\/\/linitiative.ca\/International\/wp-json\/wp\/v2\/posts"}],"about":[{"href":"https:\/\/linitiative.ca\/International\/wp-json\/wp\/v2\/types\/post"}],"author":[{"embeddable":true,"href":"https:\/\/linitiative.ca\/International\/wp-json\/wp\/v2\/users\/1743"}],"replies":[{"embeddable":true,"href":"https:\/\/linitiative.ca\/International\/wp-json\/wp\/v2\/comments?post=114969"}],"version-history":[{"count":0,"href":"https:\/\/linitiative.ca\/International\/wp-json\/wp\/v2\/posts\/114969\/revisions"}],"wp:attachment":[{"href":"https:\/\/linitiative.ca\/International\/wp-json\/wp\/v2\/media?parent=114969"}],"wp:term":[{"taxonomy":"category","embeddable":true,"href":"https:\/\/linitiative.ca\/International\/wp-json\/wp\/v2\/categories?post=114969"},{"taxonomy":"post_tag","embeddable":true,"href":"https:\/\/linitiative.ca\/International\/wp-json\/wp\/v2\/tags?post=114969"}],"curies":[{"name":"wp","href":"https:\/\/api.w.org\/{rel}","templated":true}]}}