{"id":114970,"date":"2021-04-15T07:04:52","date_gmt":"2021-04-15T11:04:52","guid":{"rendered":"https:\/\/linitiative.ca\/International\/covid-19-reconduction-du-confinement-partiel-a-domicile-dans-9-wilayas-a-compter-de-vendredi\/"},"modified":"2021-04-15T07:04:52","modified_gmt":"2021-04-15T11:04:52","slug":"covid-19-reconduction-du-confinement-partiel-a-domicile-dans-9-wilayas-a-compter-de-vendredi","status":"publish","type":"post","link":"https:\/\/linitiative.ca\/International\/covid-19-reconduction-du-confinement-partiel-a-domicile-dans-9-wilayas-a-compter-de-vendredi\/","title":{"rendered":"Covid-19 : Reconduction du confinement partiel \u00e0 domicile dans 9 wilayas \u00e0 compter de vendredi"},"content":{"rendered":"<h4 class=\"title-14\"\/>\n<div class=\"featured_image\"><img loading=\"lazy\" decoding=\"async\" width=\"1277\" height=\"718\" src=\"https:\/\/www.elwatan.com\/wp-content\/uploads\/2020\/07\/aea41dbf-coronavirus-covid-19-sarscov2-sars-cov-2.jpg\" class=\"attachment-post-thumbnail size-post-thumbnail wp-post-image\" alt=\"\" srcset=\"https:\/\/www.elwatan.com\/wp-content\/uploads\/2020\/07\/aea41dbf-coronavirus-covid-19-sarscov2-sars-cov-2.jpg 1277w, https:\/\/www.elwatan.com\/wp-content\/uploads\/2020\/07\/aea41dbf-coronavirus-covid-19-sarscov2-sars-cov-2-300x169.jpg 300w, https:\/\/www.elwatan.com\/wp-content\/uploads\/2020\/07\/aea41dbf-coronavirus-covid-19-sarscov2-sars-cov-2-768x432.jpg 768w, https:\/\/www.elwatan.com\/wp-content\/uploads\/2020\/07\/aea41dbf-coronavirus-covid-19-sarscov2-sars-cov-2-1024x576.jpg 1024w\" sizes=\"auto, (max-width: 1277px) 100vw, 1277px\"\/><\/div>\n<p><em><strong>Les mesures de confinement partiel \u00e0 domicile, de 23 heures jusqu\u2019au lendemain \u00e0 4 heures du matin, ont \u00e9t\u00e9 prorog\u00e9es pour une dur\u00e9e de 15 jours suppl\u00e9mentaires, \u00e0 compter du vendredi 16 avril dans neuf wilayas du pays, a indiqu\u00e9 aujourd\u2019hui jeudi un communiqu\u00e9 des services du Premier ministre.<\/strong><\/em><\/p>\n<p>Les 9 wilayas concern\u00e9es sont Batna, Biskra, Blida, Tebessa, Tizi-Ouzou, Alger, Jijel, Sidi Bel Abbes et Oran. Toutes les autres (49) ne sont pas concern\u00e9es par cette mesure.<\/p>\n<p>Le communiqu\u00e9 ajoute, par ailleurs, que <em>\u00ab\u00a0les walis peuvent, apr\u00e8s accord des autorit\u00e9s comp\u00e9tentes, prendre toutes mesures qu\u2019exige la situation sanitaire de chaque wilaya, notamment l\u2019instauration, la modification ou la modulation des horaires, de la mesure de confinement \u00e0 domicile partiel ou total cibl\u00e9 d\u2019une ou de plusieurs communes, localit\u00e9s ou quartiers connaissant des foyers de contamination\u00a0\u00bb.<\/em><\/p>\n<p><span class=\"post-views-label\">Post Views:<\/span> <span class=\"post-views-count\">2\u00a0021<\/span><\/p>\n<p><br class=\"c2\"\/><\/p>\n<div class=\"ichhar-moneytagnative c5\" id=\"ichhar-130075615\">\n<p>Advertisements<\/p>\n<\/div>\n<p><br class=\"c2\"\/><br \/>\n<br class=\"c6\"\/><\/p>\n<p>Auteur: Mohand Yahiaoui<br \/>\n<a href=\"https:\/\/www.elwatan.com\/edition\/actualite\/covid-19-reconduction-du-confinement-partiel-a-domicile-dans-9-wilayas-a-compter-de-vendredi-15-04-2021\">Cliquez ici pour lire l&rsquo;article depuis sa source.<\/a><\/p>\n","protected":false},"excerpt":{"rendered":"<p>Les mesures de confinement partiel \u00e0 domicile, de 23 heures jusqu\u2019au lendemain \u00e0 4 heures du matin, ont \u00e9t\u00e9 prorog\u00e9es pour une dur\u00e9e de 15 jours suppl\u00e9mentaires, \u00e0 compter du vendredi 16 avril dans neuf wilayas du pays, a indiqu\u00e9 aujourd\u2019hui jeudi un communiqu\u00e9 des services du Premier ministre. Les 9 wilayas concern\u00e9es sont Batna, [&hellip;]<\/p>\n","protected":false},"author":1743,"featured_media":0,"comment_status":"closed","ping_status":"closed","sticky":false,"template":"","format":"standard","meta":{"fifu_image_url":"https:\/\/www.elwatan.com\/wp-content\/uploads\/2020\/07\/aea41dbf-coronavirus-covid-19-sarscov2-sars-cov-2.jpg","fifu_image_alt":"Covid-19 : Reconduction du confinement partiel \u00e0 domicile dans 9 wilayas \u00e0 compter de vendredi","footnotes":""},"categories":[73,53],"tags":[],"class_list":["post-114970","post","type-post","status-publish","format-standard","hentry","category-actualite","category-algerie"],"_links":{"self":[{"href":"https:\/\/linitiative.ca\/International\/wp-json\/wp\/v2\/posts\/114970","targetHints":{"allow":["GET"]}}],"collection":[{"href":"https:\/\/linitiative.ca\/International\/wp-json\/wp\/v2\/posts"}],"about":[{"href":"https:\/\/linitiative.ca\/International\/wp-json\/wp\/v2\/types\/post"}],"author":[{"embeddable":true,"href":"https:\/\/linitiative.ca\/International\/wp-json\/wp\/v2\/users\/1743"}],"replies":[{"embeddable":true,"href":"https:\/\/linitiative.ca\/International\/wp-json\/wp\/v2\/comments?post=114970"}],"version-history":[{"count":0,"href":"https:\/\/linitiative.ca\/International\/wp-json\/wp\/v2\/posts\/114970\/revisions"}],"wp:attachment":[{"href":"https:\/\/linitiative.ca\/International\/wp-json\/wp\/v2\/media?parent=114970"}],"wp:term":[{"taxonomy":"category","embeddable":true,"href":"https:\/\/linitiative.ca\/International\/wp-json\/wp\/v2\/categories?post=114970"},{"taxonomy":"post_tag","embeddable":true,"href":"https:\/\/linitiative.ca\/International\/wp-json\/wp\/v2\/tags?post=114970"}],"curies":[{"name":"wp","href":"https:\/\/api.w.org\/{rel}","templated":true}]}}