{"id":114971,"date":"2021-04-15T12:55:15","date_gmt":"2021-04-15T16:55:15","guid":{"rendered":"https:\/\/linitiative.ca\/International\/algerie-poste-la-direction-menace-les-grevistes-de-licenciement\/"},"modified":"2021-04-15T12:55:15","modified_gmt":"2021-04-15T16:55:15","slug":"algerie-poste-la-direction-menace-les-grevistes-de-licenciement","status":"publish","type":"post","link":"https:\/\/linitiative.ca\/International\/algerie-poste-la-direction-menace-les-grevistes-de-licenciement\/","title":{"rendered":"Alg\u00e9rie Poste : La direction menace les gr\u00e9vistes de licenciement"},"content":{"rendered":"<h4 class=\"title-14\"\/>\n<div class=\"featured_image\"><img loading=\"lazy\" decoding=\"async\" width=\"837\" height=\"557\" src=\"https:\/\/www.elwatan.com\/wp-content\/uploads\/2021\/04\/Poste-H.-Lye\u0300s-e1618349644606.jpg\" class=\"attachment-post-thumbnail size-post-thumbnail wp-post-image\" alt=\"\"\/> <span class=\"featured-image-caption\">Les comptoirs d\u2019Alg\u00e9rie Poste d\u00e9serts ( Photo : H. Lye\u0300s )<\/span><\/div>\n<p><strong><em>La direction d\u2019Alg\u00e9rie Poste a menac\u00e9, aujourd\u2019hui jeudi, dans un communiqu\u00e9 rendu public en fin d\u2019apr\u00e8s-midi, les gr\u00e9vistes de licenciement dans le cas o\u00f9 ils ne reprendront pas le travail \u00ab\u00a0imm\u00e9diatement\u00a0\u00bb.<\/em><\/strong><\/p>\n<p><em>\u00abL\u2019entreprise informe que dans le cas o\u00f9 les travailleurs gr\u00e9vistes ne reprendront pas le travail sur le champ, la r\u00e8glementation en vigueur sera appliqu\u00e9e, ce qui inclut un licenciement sans pr\u00e9avis ni indemnisation\u00bb<\/em>, a indiqu\u00e9 la direction d\u2019Alg\u00e9rie Poste.<\/p>\n<p>La veille, mercredi, la direction d\u2019Alg\u00e9rie Poste avait signal\u00e9 qu\u2019elle avait proc\u00e9d\u00e9 \u00e0 <em>\u00abl\u2019installation du comit\u00e9 national pr\u00e9paratoire de la conf\u00e9rence \u00e9lective du syndicat de l\u2019entreprise\u00bb<\/em>, et ce <em>\u00absuite \u00e0 une d\u00e9cision du secr\u00e9taire g\u00e9n\u00e9ral de l\u2019UGTA\u00bb<\/em>.<\/p>\n<p>Ella a \u00e9galement rappel\u00e9 que la premi\u00e8re tranche de la prime d\u2019int\u00e9ressement a \u00e9t\u00e9 vers\u00e9e. Ce qui, apparemment, n\u2019a pas convaincu les gr\u00e9vistes puisque la gr\u00e8ve, d\u00e9clench\u00e9e lundi, s\u2019est poursuivie aujourd\u2019hui, pour le quatri\u00e8me jour.<\/p>\n<p>A noter, par ailleurs, que, selon toujours la direction de l\u2019entreprise, le tribunal de Dar El Beida, saisi en r\u00e9f\u00e9r\u00e9e, \u00ab\u00a0a d\u00e9clar\u00e9 cette gr\u00e8ve ill\u00e9gale\u00a0\u00bb.<\/p>\n<p>En plus de cette prime d\u2019int\u00e9ressement, les gr\u00e9vistes r\u00e9clament entre autre la r\u00e9vision des primes, individuelles et collectives, le traitement du dossier des employ\u00e9s suspendus et le r\u00e9am\u00e9nagement des horaires de travail.<\/p>\n<p><span class=\"post-views-label\">Post Views:<\/span> <span class=\"post-views-count\">5<\/span><\/p>\n<p><br class=\"c2\"\/><\/p>\n<div class=\"ichhar-moneytagnative c5\" id=\"ichhar-1582890104\">\n<p>Advertisements<\/p>\n<\/div>\n<p><br class=\"c2\"\/><br \/>\n<br class=\"c6\"\/><\/p>\n<p>Auteur: Mohand Yahiaoui<br \/>\n<a href=\"https:\/\/www.elwatan.com\/edition\/actualite\/algerie-poste-la-direction-menace-les-grevistes-de-licenciement-15-04-2021\">Cliquez ici pour lire l&rsquo;article depuis sa source.<\/a><\/p>\n","protected":false},"excerpt":{"rendered":"<p>Les comptoirs d\u2019Alg\u00e9rie Poste d\u00e9serts ( Photo : H. Lye\u0300s ) La direction d\u2019Alg\u00e9rie Poste a menac\u00e9, aujourd\u2019hui jeudi, dans un communiqu\u00e9 rendu public en fin d\u2019apr\u00e8s-midi, les gr\u00e9vistes de licenciement dans le cas o\u00f9 ils ne reprendront pas le travail \u00ab\u00a0imm\u00e9diatement\u00a0\u00bb. \u00abL\u2019entreprise informe que dans le cas o\u00f9 les travailleurs gr\u00e9vistes ne reprendront pas [&hellip;]<\/p>\n","protected":false},"author":1743,"featured_media":0,"comment_status":"closed","ping_status":"closed","sticky":false,"template":"","format":"standard","meta":{"fifu_image_url":"https:\/\/www.elwatan.com\/wp-content\/uploads\/2021\/04\/Poste-H.-Lye\u0300s-e1618349644606.jpg","fifu_image_alt":"Alg\u00e9rie Poste : La direction menace les gr\u00e9vistes de licenciement","footnotes":""},"categories":[73,53],"tags":[],"class_list":["post-114971","post","type-post","status-publish","format-standard","hentry","category-actualite","category-algerie"],"_links":{"self":[{"href":"https:\/\/linitiative.ca\/International\/wp-json\/wp\/v2\/posts\/114971","targetHints":{"allow":["GET"]}}],"collection":[{"href":"https:\/\/linitiative.ca\/International\/wp-json\/wp\/v2\/posts"}],"about":[{"href":"https:\/\/linitiative.ca\/International\/wp-json\/wp\/v2\/types\/post"}],"author":[{"embeddable":true,"href":"https:\/\/linitiative.ca\/International\/wp-json\/wp\/v2\/users\/1743"}],"replies":[{"embeddable":true,"href":"https:\/\/linitiative.ca\/International\/wp-json\/wp\/v2\/comments?post=114971"}],"version-history":[{"count":0,"href":"https:\/\/linitiative.ca\/International\/wp-json\/wp\/v2\/posts\/114971\/revisions"}],"wp:attachment":[{"href":"https:\/\/linitiative.ca\/International\/wp-json\/wp\/v2\/media?parent=114971"}],"wp:term":[{"taxonomy":"category","embeddable":true,"href":"https:\/\/linitiative.ca\/International\/wp-json\/wp\/v2\/categories?post=114971"},{"taxonomy":"post_tag","embeddable":true,"href":"https:\/\/linitiative.ca\/International\/wp-json\/wp\/v2\/tags?post=114971"}],"curies":[{"name":"wp","href":"https:\/\/api.w.org\/{rel}","templated":true}]}}